{"id":1332,"date":"2024-01-22T18:47:13","date_gmt":"2024-01-22T21:47:13","guid":{"rendered":"https:\/\/proyate.art\/?p=1332"},"modified":"2024-02-12T14:59:31","modified_gmt":"2024-02-12T17:59:31","slug":"edital-01-2024-selecao-de-agentes-culturais-para-o-curso-de-capacitacao-em-producao-cultural","status":"publish","type":"post","link":"https:\/\/proyate.art\/es\/edital-01-2024-selecao-de-agentes-culturais-para-o-curso-de-capacitacao-em-producao-cultural\/","title":{"rendered":"EDITAL 01\/2024 &#8211; SELE\u00c7\u00c3O DE AGENTES CULTURAIS PARA O CURSO DE CAPACITA\u00c7\u00c3O EM PRODU\u00c7\u00c3O CULTURAL"},"content":{"rendered":"<p>A Proyat\u00ea, empresa especializada em gest\u00e3o e produ\u00e7\u00e3o cultural, tem o prazer de anunciar o lan\u00e7amento de seu edital para a sele\u00e7\u00e3o de agentes culturais que ir\u00e3o compor a 1\u00aa turma do Curso de Capacita\u00e7\u00e3o em Produ\u00e7\u00e3o Cultural. Estes ter\u00e3o a oportunidade \u00fanica de desenvolver projetos em colabora\u00e7\u00e3o com a empresa e de participar de um curso de capacita\u00e7\u00e3o intensivo, com professores experientes no campo.<\/p>\n<p>Esta iniciativa tem como objetivo capacitar vinte e cinco (25) agentes culturais de todas as regi\u00f5es do Brasil, especializando-os na \u00e1rea de produ\u00e7\u00e3o cultural. O programa \u00e9 projetado para contribuir significativamente para o enriquecimento e a diversidade do cen\u00e1rio cultural brasileiro.<\/p>\n<p>O curso <em>on-line<\/em> ter\u00e1 a dura\u00e7\u00e3o total de 60 horas, distribu\u00eddas em 40 horas de aulas <em>on-line<\/em> (realizadas entre os dias 19 de fevereiro a 1\u00ba de mar\u00e7o de 2024, de segunda a sexta, das 18h \u00e0s 22h) e 20 horas de aulas pr\u00e1ticas (mentorias e consultorias na constru\u00e7\u00e3o de um projeto em parceria com a equipe da Proyat\u00ea), em datas e hor\u00e1rios a combinar.<\/p>\n<p>&nbsp;<\/p>\n<h2>OPORTUNIDADE<\/h2>\n<p><strong>As inscri\u00e7\u00f5es neste processo seletivo s\u00e3o gratuitas.<\/strong> Ser\u00e3o disponibilizadas vinte e cinco (25) vagas pela Proyat\u00ea, que abrangem:<\/p>\n<ul>\n<li>Uma vaga para participa\u00e7\u00e3o nas aulas do curso de capacita\u00e7\u00e3o <em>on-line<\/em> em Produ\u00e7\u00e3o Cultural, com dura\u00e7\u00e3o total de 60 horas;<\/li>\n<li>Emiss\u00e3o de certificado de conclus\u00e3o;<\/li>\n<li>Incentivo de fomento ao aprendizado, individual, no valor de R$ 300,00 (mediante presen\u00e7a superior a 80% nas a\u00e7\u00f5es do curso);<\/li>\n<li>Oportunidade de desenvolver um projeto em colabora\u00e7\u00e3o com a Proyat\u00ea. (Os(as) selecionados(as) ter\u00e3o acesso a mentorias, orienta\u00e7\u00f5es, ferramentas, canais de comunica\u00e7\u00e3o e outros recursos fornecidos pela produtora).<\/li>\n<\/ul>\n<p>Para acessar o regulamento com todas as informa\u00e7\u00f5es sobre o processo de sele\u00e7\u00e3o clique aqui: <a href=\"https:\/\/1drv.ms\/b\/s!AmW_rpd9So6mz1e5gJQhx977PmbI?e=MxShhE\">Edital 01\/2024 &#8211; Proyat\u00ea (retificado)<\/a><\/p>\n<p>&nbsp;<\/p>\n<h2>DATAS IMPORTANTES*:<\/h2>\n<ul>\n<li><span style=\"color: #ff0000;\">Cronograma atualizado em 31\/01\/2024.<\/span><\/li>\n<\/ul>\n<table width=\"636\">\n<tbody>\n<tr>\n<td width=\"333\">\u00a0Publica\u00e7\u00e3o do Edital<\/td>\n<td width=\"302\"><strong>22\/01\/2024 <\/strong><\/td>\n<\/tr>\n<tr>\n<td width=\"333\">Abertura das Inscri\u00e7\u00f5es<\/td>\n<td width=\"302\"><strong>22\/01\/2024<\/strong><\/td>\n<\/tr>\n<tr>\n<td width=\"333\">Encerramento das Inscri\u00e7\u00f5es<\/td>\n<td width=\"302\"><span style=\"color: #ff0000;\"><strong>07\/02\/2024<\/strong><\/span><\/td>\n<\/tr>\n<tr>\n<td width=\"333\">Avalia\u00e7\u00e3o das Inscri\u00e7\u00f5es e Sele\u00e7\u00e3o<\/td>\n<td width=\"302\"><span style=\"color: #ff0000;\"><strong>08 a 11\/02\/2024<\/strong><\/span><\/td>\n<\/tr>\n<tr>\n<td width=\"333\">Divulga\u00e7\u00e3o dos(as) selecionados(as)<\/td>\n<td width=\"302\"><span style=\"color: #ff0000;\"><strong>12\/02\/2024<\/strong><\/span><\/td>\n<\/tr>\n<tr>\n<td width=\"333\">Per\u00edodo de confirma\u00e7\u00e3o de participa\u00e7\u00e3o e assinatura do Termo de Participa\u00e7\u00e3o.<\/td>\n<td width=\"302\"><span style=\"color: #ff0000;\"><strong>12 a 15\/02\/2024<\/strong><\/span><\/td>\n<\/tr>\n<tr>\n<td width=\"333\">In\u00edcio do Curso de Forma\u00e7\u00e3o<\/td>\n<td width=\"302\"><span style=\"color: #ff0000;\"><strong>19\/02\/2024<\/strong><\/span><\/td>\n<\/tr>\n<\/tbody>\n<\/table>\n<p><strong>As datas est\u00e3o sujeitas a mudan\u00e7as sem aviso pr\u00e9vio. \u00c9 importante que o(a) participante acesse a p\u00e1gina e\/ou acompanhe as redes socias da Proyat\u00ea.\u00a0<\/strong><\/p>\n<p>Ap\u00f3s a leitura do regulamento, caso possua d\u00favidas, entre em contato conosco:\u00a0gestao@proyate.art<\/p>\n<p>&nbsp;<\/p>\n<h2>LISTA DE SELECIONADOS<\/h2>\n<p>Ficamos felizes em divulgar a lista de selecionados(as) para o curso de Produ\u00e7\u00e3o Cultural, promovido pela Proyat\u00ea.<strong><span style=\"color: #000000;\"> Gostamos tanto das inscri\u00e7\u00f5es que decidimos ampliar o n\u00famero de contemplados(as) para as vagas para 28 pessoas.<\/span><\/strong><span style=\"color: #000000;\">\u00a0Leiam com aten\u00e7\u00e3o as informa\u00e7\u00f5es abaixo.<\/span><\/p>\n<p>Importante:<\/p>\n<ul>\n<li>Informamos que, caso haja participantes que n\u00e3o confirmem sua participa\u00e7\u00e3o no curso at\u00e9 <strong>o dia 15\/02\/2024, as 12h<\/strong>, entraremos em contato com suplentes para ocupar a vaga nas atividades do curso.<\/li>\n<li>A confirma\u00e7\u00e3o deve ser direcionada via e-mail, pelo endere\u00e7o: <a href=\"mailto:gestao@proyate.art\">gestao@proyate.art<\/a>, com o t\u00edtulo <strong>\u201cCurso de Produ\u00e7\u00e3o Cultural \/ Confirma\u00e7\u00e3o\u201d.<\/strong><\/li>\n<\/ul>\n<p>&nbsp;<\/p>\n<p>Click no link para ter acesso a lista -&gt; <a href=\"https:\/\/1drv.ms\/b\/s!AmW_rpd9So6m4XPhKJvYbVhTug70?e=ytcckc\">Lista de Selecionados(as) &#8211; Curso de Produ\u00e7\u00e3o.pdf<\/a><\/p>","protected":false},"excerpt":{"rendered":"<p>A Proyat\u00ea, empresa especializada em gest\u00e3o e produ\u00e7\u00e3o cultural, tem o prazer de anunciar o lan\u00e7amento de seu edital para a sele\u00e7\u00e3o de agentes culturais que ir\u00e3o compor a 1\u00aa turma do Curso de Capacita\u00e7\u00e3o em Produ\u00e7\u00e3o Cultural. Estes ter\u00e3o a oportunidade \u00fanica de desenvolver projetos em colabora\u00e7\u00e3o com a empresa e de participar de [&hellip;]<\/p>","protected":false},"author":4003,"featured_media":1354,"comment_status":"closed","ping_status":"open","sticky":false,"template":"","format":"standard","meta":{"footnotes":""},"categories":[77,1],"tags":[79,78,81,80,82,83],"yoast_head":"<!-- This site is optimized with the Yoast SEO plugin v21.8 - https:\/\/yoast.com\/wordpress\/plugins\/seo\/ -->\n<title>EDITAL 01\/2024 - SELE\u00c7\u00c3O DE AGENTES CULTURAIS PARA O CURSO DE CAPACITA\u00c7\u00c3O EM PRODU\u00c7\u00c3O CULTURAL - PROYAT\u00ca<\/title>\n<meta name=\"robots\" content=\"index, follow, max-snippet:-1, max-image-preview:large, max-video-preview:-1\" \/>\n<link rel=\"canonical\" href=\"https:\/\/proyate.art\/es\/edital-01-2024-selecao-de-agentes-culturais-para-o-curso-de-capacitacao-em-producao-cultural\/\" \/>\n<meta property=\"og:locale\" content=\"es_ES\" \/>\n<meta property=\"og:type\" content=\"article\" \/>\n<meta property=\"og:title\" content=\"EDITAL 01\/2024 - SELE\u00c7\u00c3O DE AGENTES CULTURAIS PARA O CURSO DE CAPACITA\u00c7\u00c3O EM PRODU\u00c7\u00c3O CULTURAL - PROYAT\u00ca\" \/>\n<meta property=\"og:description\" content=\"A Proyat\u00ea, empresa especializada em gest\u00e3o e produ\u00e7\u00e3o cultural, tem o prazer de anunciar o lan\u00e7amento de seu edital para a sele\u00e7\u00e3o de agentes culturais que ir\u00e3o compor a 1\u00aa turma do Curso de Capacita\u00e7\u00e3o em Produ\u00e7\u00e3o Cultural. Estes ter\u00e3o a oportunidade \u00fanica de desenvolver projetos em colabora\u00e7\u00e3o com a empresa e de participar de [&hellip;]\" \/>\n<meta property=\"og:url\" content=\"https:\/\/proyate.art\/es\/edital-01-2024-selecao-de-agentes-culturais-para-o-curso-de-capacitacao-em-producao-cultural\/\" \/>\n<meta property=\"og:site_name\" content=\"PROYAT\u00ca\" \/>\n<meta property=\"article:published_time\" content=\"2024-01-22T21:47:13+00:00\" \/>\n<meta property=\"article:modified_time\" content=\"2024-02-12T17:59:31+00:00\" \/>\n<meta property=\"og:image\" content=\"https:\/\/proyate.art\/wp-content\/uploads\/2024\/01\/Desktop-Wallpaper-1.png\" \/>\n\t<meta property=\"og:image:width\" content=\"2880\" \/>\n\t<meta property=\"og:image:height\" content=\"1620\" \/>\n\t<meta property=\"og:image:type\" content=\"image\/png\" \/>\n<meta name=\"author\" content=\"proyate\" \/>\n<meta name=\"twitter:card\" content=\"summary_large_image\" \/>\n<meta name=\"twitter:label1\" content=\"Escrito por\" \/>\n\t<meta name=\"twitter:data1\" content=\"proyate\" \/>\n\t<meta name=\"twitter:label2\" content=\"Tiempo de lectura\" \/>\n\t<meta name=\"twitter:data2\" content=\"3 minutos\" \/>\n<script type=\"application\/ld+json\" class=\"yoast-schema-graph\">{\"@context\":\"https:\/\/schema.org\",\"@graph\":[{\"@type\":\"Article\",\"@id\":\"https:\/\/proyate.art\/edital-01-2024-selecao-de-agentes-culturais-para-o-curso-de-capacitacao-em-producao-cultural\/#article\",\"isPartOf\":{\"@id\":\"https:\/\/proyate.art\/edital-01-2024-selecao-de-agentes-culturais-para-o-curso-de-capacitacao-em-producao-cultural\/\"},\"author\":{\"name\":\"proyate\",\"@id\":\"https:\/\/proyate.art\/#\/schema\/person\/122b49be2808d0b39ccec6c4ec24ea1a\"},\"headline\":\"EDITAL 01\/2024 &#8211; SELE\u00c7\u00c3O DE AGENTES CULTURAIS PARA O CURSO DE CAPACITA\u00c7\u00c3O EM PRODU\u00c7\u00c3O CULTURAL\",\"datePublished\":\"2024-01-22T21:47:13+00:00\",\"dateModified\":\"2024-02-12T17:59:31+00:00\",\"mainEntityOfPage\":{\"@id\":\"https:\/\/proyate.art\/edital-01-2024-selecao-de-agentes-culturais-para-o-curso-de-capacitacao-em-producao-cultural\/\"},\"wordCount\":555,\"publisher\":{\"@id\":\"https:\/\/proyate.art\/#organization\"},\"keywords\":[\"Editais\",\"Editais culturais\",\"Edital Cultural\",\"Edital para cultura\",\"Produ\u00e7\u00e3o Cultural\",\"Proyat\u00ea\"],\"articleSection\":[\"Editais\",\"Uncategorized\"],\"inLanguage\":\"es\"},{\"@type\":\"WebPage\",\"@id\":\"https:\/\/proyate.art\/edital-01-2024-selecao-de-agentes-culturais-para-o-curso-de-capacitacao-em-producao-cultural\/\",\"url\":\"https:\/\/proyate.art\/edital-01-2024-selecao-de-agentes-culturais-para-o-curso-de-capacitacao-em-producao-cultural\/\",\"name\":\"EDITAL 01\/2024 - SELE\u00c7\u00c3O DE AGENTES CULTURAIS PARA O CURSO DE CAPACITA\u00c7\u00c3O EM PRODU\u00c7\u00c3O CULTURAL - PROYAT\u00ca\",\"isPartOf\":{\"@id\":\"https:\/\/proyate.art\/#website\"},\"datePublished\":\"2024-01-22T21:47:13+00:00\",\"dateModified\":\"2024-02-12T17:59:31+00:00\",\"inLanguage\":\"es\",\"potentialAction\":[{\"@type\":\"ReadAction\",\"target\":[\"https:\/\/proyate.art\/edital-01-2024-selecao-de-agentes-culturais-para-o-curso-de-capacitacao-em-producao-cultural\/\"]}]},{\"@type\":\"WebSite\",\"@id\":\"https:\/\/proyate.art\/#website\",\"url\":\"https:\/\/proyate.art\/\",\"name\":\"PROYAT\u00ca\",\"description\":\"\",\"publisher\":{\"@id\":\"https:\/\/proyate.art\/#organization\"},\"potentialAction\":[{\"@type\":\"SearchAction\",\"target\":{\"@type\":\"EntryPoint\",\"urlTemplate\":\"https:\/\/proyate.art\/?s={search_term_string}\"},\"query-input\":\"required name=search_term_string\"}],\"inLanguage\":\"es\"},{\"@type\":\"Organization\",\"@id\":\"https:\/\/proyate.art\/#organization\",\"name\":\"PROYAT\u00ca\",\"url\":\"https:\/\/proyate.art\/\",\"logo\":{\"@type\":\"ImageObject\",\"inLanguage\":\"es\",\"@id\":\"https:\/\/proyate.art\/#\/schema\/logo\/image\/\",\"url\":\"https:\/\/proyate.art\/wp-content\/uploads\/2023\/10\/home-logo-footer.png\",\"contentUrl\":\"https:\/\/proyate.art\/wp-content\/uploads\/2023\/10\/home-logo-footer.png\",\"width\":334,\"height\":140,\"caption\":\"PROYAT\u00ca\"},\"image\":{\"@id\":\"https:\/\/proyate.art\/#\/schema\/logo\/image\/\"}},{\"@type\":\"Person\",\"@id\":\"https:\/\/proyate.art\/#\/schema\/person\/122b49be2808d0b39ccec6c4ec24ea1a\",\"name\":\"proyate\",\"url\":\"https:\/\/proyate.art\/es\/author\/proyate\/\"}]}<\/script>\n<!-- \/ Yoast SEO plugin. -->","yoast_head_json":{"title":"EDITAL 01\/2024 - SELE\u00c7\u00c3O DE AGENTES CULTURAIS PARA O CURSO DE CAPACITA\u00c7\u00c3O EM PRODU\u00c7\u00c3O CULTURAL - PROYAT\u00ca","robots":{"index":"index","follow":"follow","max-snippet":"max-snippet:-1","max-image-preview":"max-image-preview:large","max-video-preview":"max-video-preview:-1"},"canonical":"https:\/\/proyate.art\/es\/edital-01-2024-selecao-de-agentes-culturais-para-o-curso-de-capacitacao-em-producao-cultural\/","og_locale":"es_ES","og_type":"article","og_title":"EDITAL 01\/2024 - SELE\u00c7\u00c3O DE AGENTES CULTURAIS PARA O CURSO DE CAPACITA\u00c7\u00c3O EM PRODU\u00c7\u00c3O CULTURAL - PROYAT\u00ca","og_description":"A Proyat\u00ea, empresa especializada em gest\u00e3o e produ\u00e7\u00e3o cultural, tem o prazer de anunciar o lan\u00e7amento de seu edital para a sele\u00e7\u00e3o de agentes culturais que ir\u00e3o compor a 1\u00aa turma do Curso de Capacita\u00e7\u00e3o em Produ\u00e7\u00e3o Cultural. Estes ter\u00e3o a oportunidade \u00fanica de desenvolver projetos em colabora\u00e7\u00e3o com a empresa e de participar de [&hellip;]","og_url":"https:\/\/proyate.art\/es\/edital-01-2024-selecao-de-agentes-culturais-para-o-curso-de-capacitacao-em-producao-cultural\/","og_site_name":"PROYAT\u00ca","article_published_time":"2024-01-22T21:47:13+00:00","article_modified_time":"2024-02-12T17:59:31+00:00","og_image":[{"width":2880,"height":1620,"url":"https:\/\/proyate.art\/wp-content\/uploads\/2024\/01\/Desktop-Wallpaper-1.png","type":"image\/png"}],"author":"proyate","twitter_card":"summary_large_image","twitter_misc":{"Escrito por":"proyate","Tiempo de lectura":"3 minutos"},"schema":{"@context":"https:\/\/schema.org","@graph":[{"@type":"Article","@id":"https:\/\/proyate.art\/edital-01-2024-selecao-de-agentes-culturais-para-o-curso-de-capacitacao-em-producao-cultural\/#article","isPartOf":{"@id":"https:\/\/proyate.art\/edital-01-2024-selecao-de-agentes-culturais-para-o-curso-de-capacitacao-em-producao-cultural\/"},"author":{"name":"proyate","@id":"https:\/\/proyate.art\/#\/schema\/person\/122b49be2808d0b39ccec6c4ec24ea1a"},"headline":"EDITAL 01\/2024 &#8211; SELE\u00c7\u00c3O DE AGENTES CULTURAIS PARA O CURSO DE CAPACITA\u00c7\u00c3O EM PRODU\u00c7\u00c3O CULTURAL","datePublished":"2024-01-22T21:47:13+00:00","dateModified":"2024-02-12T17:59:31+00:00","mainEntityOfPage":{"@id":"https:\/\/proyate.art\/edital-01-2024-selecao-de-agentes-culturais-para-o-curso-de-capacitacao-em-producao-cultural\/"},"wordCount":555,"publisher":{"@id":"https:\/\/proyate.art\/#organization"},"keywords":["Editais","Editais culturais","Edital Cultural","Edital para cultura","Produ\u00e7\u00e3o Cultural","Proyat\u00ea"],"articleSection":["Editais","Uncategorized"],"inLanguage":"es"},{"@type":"WebPage","@id":"https:\/\/proyate.art\/edital-01-2024-selecao-de-agentes-culturais-para-o-curso-de-capacitacao-em-producao-cultural\/","url":"https:\/\/proyate.art\/edital-01-2024-selecao-de-agentes-culturais-para-o-curso-de-capacitacao-em-producao-cultural\/","name":"EDITAL 01\/2024 - SELE\u00c7\u00c3O DE AGENTES CULTURAIS PARA O CURSO DE CAPACITA\u00c7\u00c3O EM PRODU\u00c7\u00c3O CULTURAL - PROYAT\u00ca","isPartOf":{"@id":"https:\/\/proyate.art\/#website"},"datePublished":"2024-01-22T21:47:13+00:00","dateModified":"2024-02-12T17:59:31+00:00","inLanguage":"es","potentialAction":[{"@type":"ReadAction","target":["https:\/\/proyate.art\/edital-01-2024-selecao-de-agentes-culturais-para-o-curso-de-capacitacao-em-producao-cultural\/"]}]},{"@type":"WebSite","@id":"https:\/\/proyate.art\/#website","url":"https:\/\/proyate.art\/","name":"PROYAT\u00ca","description":"","publisher":{"@id":"https:\/\/proyate.art\/#organization"},"potentialAction":[{"@type":"SearchAction","target":{"@type":"EntryPoint","urlTemplate":"https:\/\/proyate.art\/?s={search_term_string}"},"query-input":"required name=search_term_string"}],"inLanguage":"es"},{"@type":"Organization","@id":"https:\/\/proyate.art\/#organization","name":"PROYAT\u00ca","url":"https:\/\/proyate.art\/","logo":{"@type":"ImageObject","inLanguage":"es","@id":"https:\/\/proyate.art\/#\/schema\/logo\/image\/","url":"https:\/\/proyate.art\/wp-content\/uploads\/2023\/10\/home-logo-footer.png","contentUrl":"https:\/\/proyate.art\/wp-content\/uploads\/2023\/10\/home-logo-footer.png","width":334,"height":140,"caption":"PROYAT\u00ca"},"image":{"@id":"https:\/\/proyate.art\/#\/schema\/logo\/image\/"}},{"@type":"Person","@id":"https:\/\/proyate.art\/#\/schema\/person\/122b49be2808d0b39ccec6c4ec24ea1a","name":"proyate","url":"https:\/\/proyate.art\/es\/author\/proyate\/"}]}},"_links":{"self":[{"href":"https:\/\/proyate.art\/es\/wp-json\/wp\/v2\/posts\/1332"}],"collection":[{"href":"https:\/\/proyate.art\/es\/wp-json\/wp\/v2\/posts"}],"about":[{"href":"https:\/\/proyate.art\/es\/wp-json\/wp\/v2\/types\/post"}],"author":[{"embeddable":true,"href":"https:\/\/proyate.art\/es\/wp-json\/wp\/v2\/users\/4003"}],"replies":[{"embeddable":true,"href":"https:\/\/proyate.art\/es\/wp-json\/wp\/v2\/comments?post=1332"}],"version-history":[{"count":12,"href":"https:\/\/proyate.art\/es\/wp-json\/wp\/v2\/posts\/1332\/revisions"}],"predecessor-version":[{"id":1372,"href":"https:\/\/proyate.art\/es\/wp-json\/wp\/v2\/posts\/1332\/revisions\/1372"}],"wp:featuredmedia":[{"embeddable":true,"href":"https:\/\/proyate.art\/es\/wp-json\/wp\/v2\/media\/1354"}],"wp:attachment":[{"href":"https:\/\/proyate.art\/es\/wp-json\/wp\/v2\/media?parent=1332"}],"wp:term":[{"taxonomy":"category","embeddable":true,"href":"https:\/\/proyate.art\/es\/wp-json\/wp\/v2\/categories?post=1332"},{"taxonomy":"post_tag","embeddable":true,"href":"https:\/\/proyate.art\/es\/wp-json\/wp\/v2\/tags?post=1332"}],"curies":[{"name":"wp","href":"https:\/\/api.w.org\/{rel}","templated":true}]}}