{"id":1360,"date":"2024-02-09T08:00:06","date_gmt":"2024-02-09T11:00:06","guid":{"rendered":"https:\/\/proyate.art\/?p=1360"},"modified":"2024-03-09T11:38:52","modified_gmt":"2024-03-09T14:38:52","slug":"edital-02-2024-concurso-de-fotografia-memorias-em-foco","status":"publish","type":"post","link":"https:\/\/proyate.art\/es\/edital-02-2024-concurso-de-fotografia-memorias-em-foco\/","title":{"rendered":"EDITAL 02\/2024 &#8211; CONCURSO DE FOTOGRAFIA \u201cMEM\u00d3RIAS EM FOCO\u201d"},"content":{"rendered":"<h2>GOI\u00c2NIA ART D\u00c9CO FESTIVAL &#8211; 7\u00aa Edi\u00e7\u00e3o<\/h2>\n<p>A Proyat\u00ea, em parceria com a ONYGO Turismo, por meio do Edital de Fomento aos Festivais e Eventos do Fundo de Arte e Cultura do Estado de Goi\u00e1s 2023, realiza a 7\u00aa Edi\u00e7\u00e3o do <em>Festival de Arte D\u00e9co de Goi\u00e2nia<\/em>, que no ano de 2024 tem como tem\u00e1tica o \u201cPatrim\u00f4nio Adormecido\u201d. Como parte das a\u00e7\u00f5es do evento, por meio do presente regulamento, torna-se p\u00fablico concurso de fotografia \u201cMem\u00f3rias em Foco\u201d. O Edital 02\/2024 \u2013 Proyat\u00ea &#8211; tem por objetivo selecionar vinte e duas (22) fotografias autorais de goianos(as), profissionais ou amadores, dos monumentos <em>art d\u00e9co<\/em> tombados pelo Iphan, em Goi\u00e2nia (GO).<\/p>\n<p>O <em>Festival de Arte D\u00e9co de Goi\u00e2nia<\/em> \u00e9 um evento anual que acontece desde 2018 e, atualmente, encontra-se em sua 7\u00aa edi\u00e7\u00e3o, com proposta de realiza\u00e7\u00e3o no ano de 2024. Idealizado pelo artista goiano Gutto Lemes, este evento tem como objetivo promover a cultura e a preserva\u00e7\u00e3o da arquitetura <em>art d\u00e9co<\/em> presente na cidade de Goi\u00e2nia, considerada a capital do <em>art d\u00e9co<\/em>.<\/p>\n<p>O prop\u00f3sito do concurso \u201cMem\u00f3rias em Foco\u201d \u00e9 promover a cultura e a preserva\u00e7\u00e3o da arquitetura <em>art d\u00e9co<\/em> e estimular os artistas goianos, valorizando a fotografia enquanto express\u00e3o art\u00edstica daqueles que de forma profissional ou iniciante, se dedicam ao prazer de captar imagens urbanas.<\/p>\n<p>As vinte e duas (22) fotografias selecionadas ir\u00e3o compor uma exposi\u00e7\u00e3o do <em>Festival de Arte D\u00e9co de Goi\u00e2nia<\/em><em> \u2013 7\u00aa Edi\u00e7\u00e3o<\/em>.<\/p>\n<p><span style=\"color: #ff0000;\">Edital Retificado (19\/02\/2024):<\/span> <a href=\"https:\/\/1drv.ms\/b\/s!AmW_rpd9So6m4lQDLXbU8kdtBf3n?e=MV6NDC\">Edital 02-2024 &#8211; Mem\u00f3rias em Foco (Retifica\u00e7\u00e3o 01).pdf<\/a><\/p>\n<p>&nbsp;<\/p>\n<h2>INSCRI\u00c7\u00d5ES<\/h2>\n<p>Para se inscrever no concurso e concorrer as premia\u00e7\u00f5es, os(as) candidatos devem seguir dois passos:<\/p>\n<p>Acessar o website da Proyat\u00ea (<a href=\"https:\/\/proyate.art\/es\/\">www.proyate.art<\/a>) e preencher completamente as informa\u00e7\u00f5es pedidas no chat, que se abrir\u00e1 automaticamente ao acessar o website. (Caso a conversa do chat n\u00e3o abra sozinha, o(a) candidato(a) poder\u00e1 clicar no bot\u00e3o suspenso que se encontra no canto inferior direito de qualquer uma das p\u00e1ginas internas do Website e o chat ser\u00e1 aberto).<\/p>\n<p>Preencher o formul\u00e1rio de inscri\u00e7\u00e3o <em>on-line<\/em>, dispon\u00edvel no link: <a href=\"https:\/\/forms.gle\/RVkhuZ397zUXDYtB6\">https:\/\/forms.gle\/RVkhuZ397zUXDYtB6<\/a><\/p>\n<p><del>As inscri\u00e7\u00f5es s\u00e3o individuais. N\u00e3o ser\u00e3o aceitas inscri\u00e7\u00f5es em duplas ou grupos e cada autor(a) poder\u00e1 apresentar somente uma fotografia, identificada com:<\/del><\/p>\n<p>As inscri\u00e7\u00f5es s\u00e3o individuais. N\u00e3o ser\u00e3o aceitas inscri\u00e7\u00f5es em duplas ou grupos e <span style=\"color: #ff0000;\">cada autor(a) poder\u00e1 apresentar at\u00e9 uma fotografia de cada um dos 22 monumentos<\/span>, identificada com:<\/p>\n<ul>\n<li>T\u00edtulos das obras, locais e datas de sua realiza\u00e7\u00e3o;<\/li>\n<li>Informa\u00e7\u00f5es do(a) autor(a): nome completo, endere\u00e7o, telefone e e-mail;<\/li>\n<li>Descri\u00e7\u00e3o das fotografias.<\/li>\n<\/ul>\n<p>&nbsp;<\/p>\n<h2>CRONOGRAMA*<\/h2>\n<p><span style=\"color: #ff0000;\">Retificado em: 09\/03\/2024<\/span><\/p>\n<table style=\"height: 180px;\" width=\"719\">\n<tbody>\n<tr>\n<td width=\"333\">\u00a0Publica\u00e7\u00e3o do Edital<\/td>\n<td width=\"302\"><strong>09\/02\/2024 <\/strong><\/td>\n<\/tr>\n<tr>\n<td width=\"333\"><span style=\"color: #ff0000;\">Per\u00edodo de Inscri\u00e7\u00f5es<\/span><\/td>\n<td width=\"302\"><span style=\"color: #ff0000;\"><strong>09\/02 a 18\/03\/2024 <\/strong><strong>(t\u00e9rmino \u00e0s 18h)<\/strong><\/span><\/td>\n<\/tr>\n<tr>\n<td width=\"333\"><span style=\"color: #ff0000;\">Avalia\u00e7\u00e3o das Inscri\u00e7\u00f5es (jurados)<\/span><\/td>\n<td width=\"302\"><span style=\"color: #ff0000;\"><strong>19\/03 a 02\/04\/2024<\/strong><\/span><\/td>\n<\/tr>\n<tr>\n<td width=\"333\">Vota\u00e7\u00e3o popular das fotos selecionadas<\/td>\n<td width=\"302\"><strong>03 a 17\/04\/2024<\/strong><\/td>\n<\/tr>\n<tr>\n<td width=\"333\">Divulga\u00e7\u00e3o das fotos premiadas<\/td>\n<td width=\"302\"><strong>19\/04\/2024<\/strong><\/td>\n<\/tr>\n<\/tbody>\n<\/table>\n<p>*<strong>As datas est\u00e3o sujeitas a mudan\u00e7as sem aviso pr\u00e9vio. \u00c9 importante que o(a) participante acesse a p\u00e1gina e\/ou acompanhe as redes socias da Proyat\u00ea.\u00a0<\/strong><\/p>\n<p>D\u00favidas sobre o concurso podem ser encaminhadas ao e-mail: <a href=\"mailto:gestao@proyate.art?subject=Proyate contato\">gestao@proyate.art<\/a>, com o t\u00edtulo \u201cD\u00daVIDAS \u2013 EDITAL 02\/2024 \u2013 MEM\u00d3RIAS EM FOCO\u201d.<\/p>\n<p>&nbsp;<\/p>\n<p>&nbsp;<\/p>","protected":false},"excerpt":{"rendered":"<p>GOI\u00c2NIA ART D\u00c9CO FESTIVAL &#8211; 7\u00aa Edi\u00e7\u00e3o A Proyat\u00ea, em parceria com a ONYGO Turismo, por meio do Edital de Fomento aos Festivais e Eventos do Fundo de Arte e Cultura do Estado de Goi\u00e1s 2023, realiza a 7\u00aa Edi\u00e7\u00e3o do Goi\u00e2nia Art D\u00e9co Festival, que no ano de 2024 tem como tem\u00e1tica o \u201cPatrim\u00f4nio [&hellip;]<\/p>","protected":false},"author":4003,"featured_media":1354,"comment_status":"closed","ping_status":"open","sticky":false,"template":"","format":"standard","meta":{"footnotes":""},"categories":[77,96],"tags":[88,81,87,84,85,86,83],"yoast_head":"<!-- This site is optimized with the Yoast SEO plugin v21.8 - https:\/\/yoast.com\/wordpress\/plugins\/seo\/ -->\n<title>EDITAL 02\/2024 - CONCURSO DE FOTOGRAFIA \u201cMEM\u00d3RIAS EM FOCO\u201d -<\/title>\n<meta name=\"description\" content=\"O prop\u00f3sito do concurso \u201cMem\u00f3rias em Foco\u201d \u00e9 premiar 22 fotografias, que ir\u00e3o compor exposi\u00e7\u00f5es do Goi\u00e2nia Art D\u00e9co Festival - 7\u00aa Edi\u00e7\u00e3o.\" \/>\n<meta name=\"robots\" content=\"index, follow, max-snippet:-1, max-image-preview:large, max-video-preview:-1\" \/>\n<link rel=\"canonical\" href=\"https:\/\/proyate.art\/es\/edital-02-2024-concurso-de-fotografia-memorias-em-foco\/\" \/>\n<meta property=\"og:locale\" content=\"es_ES\" \/>\n<meta property=\"og:type\" content=\"article\" \/>\n<meta property=\"og:title\" content=\"EDITAL 02\/2024 - CONCURSO DE FOTOGRAFIA \u201cMEM\u00d3RIAS EM FOCO\u201d\" \/>\n<meta property=\"og:description\" content=\"O prop\u00f3sito do concurso \u201cMem\u00f3rias em Foco\u201d \u00e9 premiar 22 fotografias, que ir\u00e3o compor exposi\u00e7\u00f5es do Goi\u00e2nia Art D\u00e9co Festival - 7\u00aa Edi\u00e7\u00e3o.\" \/>\n<meta property=\"og:url\" content=\"https:\/\/proyate.art\/es\/edital-02-2024-concurso-de-fotografia-memorias-em-foco\/\" \/>\n<meta property=\"og:site_name\" content=\"PROYAT\u00ca\" \/>\n<meta property=\"article:published_time\" content=\"2024-02-09T11:00:06+00:00\" \/>\n<meta property=\"article:modified_time\" content=\"2024-03-09T14:38:52+00:00\" \/>\n<meta property=\"og:image\" content=\"https:\/\/proyate.art\/wp-content\/uploads\/2024\/01\/Desktop-Wallpaper-1.png\" \/>\n\t<meta property=\"og:image:width\" content=\"2880\" \/>\n\t<meta property=\"og:image:height\" content=\"1620\" \/>\n\t<meta property=\"og:image:type\" content=\"image\/png\" \/>\n<meta name=\"author\" content=\"proyate\" \/>\n<meta name=\"twitter:card\" content=\"summary_large_image\" \/>\n<meta name=\"twitter:label1\" content=\"Escrito por\" \/>\n\t<meta name=\"twitter:data1\" content=\"proyate\" \/>\n\t<meta name=\"twitter:label2\" content=\"Tiempo de lectura\" \/>\n\t<meta name=\"twitter:data2\" content=\"3 minutos\" \/>\n<script type=\"application\/ld+json\" class=\"yoast-schema-graph\">{\"@context\":\"https:\/\/schema.org\",\"@graph\":[{\"@type\":\"Article\",\"@id\":\"https:\/\/proyate.art\/edital-02-2024-concurso-de-fotografia-memorias-em-foco\/#article\",\"isPartOf\":{\"@id\":\"https:\/\/proyate.art\/edital-02-2024-concurso-de-fotografia-memorias-em-foco\/\"},\"author\":{\"name\":\"proyate\",\"@id\":\"https:\/\/proyate.art\/#\/schema\/person\/122b49be2808d0b39ccec6c4ec24ea1a\"},\"headline\":\"EDITAL 02\/2024 &#8211; CONCURSO DE FOTOGRAFIA \u201cMEM\u00d3RIAS EM FOCO\u201d\",\"datePublished\":\"2024-02-09T11:00:06+00:00\",\"dateModified\":\"2024-03-09T14:38:52+00:00\",\"mainEntityOfPage\":{\"@id\":\"https:\/\/proyate.art\/edital-02-2024-concurso-de-fotografia-memorias-em-foco\/\"},\"wordCount\":552,\"publisher\":{\"@id\":\"https:\/\/proyate.art\/#organization\"},\"keywords\":[\"Concurso de Fotografia\",\"Edital Cultural\",\"Fotografia\",\"Goi\u00e2nia\",\"Goi\u00e2nia Art D\u00e9co\",\"Goi\u00e2nia Art D\u00e9co Festival\",\"Proyat\u00ea\"],\"articleSection\":[\"Editais\",\"Festivais\"],\"inLanguage\":\"es\"},{\"@type\":\"WebPage\",\"@id\":\"https:\/\/proyate.art\/edital-02-2024-concurso-de-fotografia-memorias-em-foco\/\",\"url\":\"https:\/\/proyate.art\/edital-02-2024-concurso-de-fotografia-memorias-em-foco\/\",\"name\":\"EDITAL 02\/2024 - CONCURSO DE FOTOGRAFIA \u201cMEM\u00d3RIAS EM FOCO\u201d -\",\"isPartOf\":{\"@id\":\"https:\/\/proyate.art\/#website\"},\"datePublished\":\"2024-02-09T11:00:06+00:00\",\"dateModified\":\"2024-03-09T14:38:52+00:00\",\"description\":\"O prop\u00f3sito do concurso \u201cMem\u00f3rias em Foco\u201d \u00e9 premiar 22 fotografias, que ir\u00e3o compor exposi\u00e7\u00f5es do Goi\u00e2nia Art D\u00e9co Festival - 7\u00aa Edi\u00e7\u00e3o.\",\"inLanguage\":\"es\",\"potentialAction\":[{\"@type\":\"ReadAction\",\"target\":[\"https:\/\/proyate.art\/edital-02-2024-concurso-de-fotografia-memorias-em-foco\/\"]}]},{\"@type\":\"WebSite\",\"@id\":\"https:\/\/proyate.art\/#website\",\"url\":\"https:\/\/proyate.art\/\",\"name\":\"PROYAT\u00ca\",\"description\":\"\",\"publisher\":{\"@id\":\"https:\/\/proyate.art\/#organization\"},\"potentialAction\":[{\"@type\":\"SearchAction\",\"target\":{\"@type\":\"EntryPoint\",\"urlTemplate\":\"https:\/\/proyate.art\/?s={search_term_string}\"},\"query-input\":\"required name=search_term_string\"}],\"inLanguage\":\"es\"},{\"@type\":\"Organization\",\"@id\":\"https:\/\/proyate.art\/#organization\",\"name\":\"PROYAT\u00ca\",\"url\":\"https:\/\/proyate.art\/\",\"logo\":{\"@type\":\"ImageObject\",\"inLanguage\":\"es\",\"@id\":\"https:\/\/proyate.art\/#\/schema\/logo\/image\/\",\"url\":\"https:\/\/proyate.art\/wp-content\/uploads\/2023\/10\/home-logo-footer.png\",\"contentUrl\":\"https:\/\/proyate.art\/wp-content\/uploads\/2023\/10\/home-logo-footer.png\",\"width\":334,\"height\":140,\"caption\":\"PROYAT\u00ca\"},\"image\":{\"@id\":\"https:\/\/proyate.art\/#\/schema\/logo\/image\/\"}},{\"@type\":\"Person\",\"@id\":\"https:\/\/proyate.art\/#\/schema\/person\/122b49be2808d0b39ccec6c4ec24ea1a\",\"name\":\"proyate\",\"url\":\"https:\/\/proyate.art\/es\/author\/proyate\/\"}]}<\/script>\n<!-- \/ Yoast SEO plugin. -->","yoast_head_json":{"title":"EDITAL 02\/2024 - CONCURSO DE FOTOGRAFIA \u201cMEM\u00d3RIAS EM FOCO\u201d -","description":"O prop\u00f3sito do concurso \u201cMem\u00f3rias em Foco\u201d \u00e9 premiar 22 fotografias, que ir\u00e3o compor exposi\u00e7\u00f5es do Goi\u00e2nia Art D\u00e9co Festival - 7\u00aa Edi\u00e7\u00e3o.","robots":{"index":"index","follow":"follow","max-snippet":"max-snippet:-1","max-image-preview":"max-image-preview:large","max-video-preview":"max-video-preview:-1"},"canonical":"https:\/\/proyate.art\/es\/edital-02-2024-concurso-de-fotografia-memorias-em-foco\/","og_locale":"es_ES","og_type":"article","og_title":"EDITAL 02\/2024 - CONCURSO DE FOTOGRAFIA \u201cMEM\u00d3RIAS EM FOCO\u201d","og_description":"O prop\u00f3sito do concurso \u201cMem\u00f3rias em Foco\u201d \u00e9 premiar 22 fotografias, que ir\u00e3o compor exposi\u00e7\u00f5es do Goi\u00e2nia Art D\u00e9co Festival - 7\u00aa Edi\u00e7\u00e3o.","og_url":"https:\/\/proyate.art\/es\/edital-02-2024-concurso-de-fotografia-memorias-em-foco\/","og_site_name":"PROYAT\u00ca","article_published_time":"2024-02-09T11:00:06+00:00","article_modified_time":"2024-03-09T14:38:52+00:00","og_image":[{"width":2880,"height":1620,"url":"https:\/\/proyate.art\/wp-content\/uploads\/2024\/01\/Desktop-Wallpaper-1.png","type":"image\/png"}],"author":"proyate","twitter_card":"summary_large_image","twitter_misc":{"Escrito por":"proyate","Tiempo de lectura":"3 minutos"},"schema":{"@context":"https:\/\/schema.org","@graph":[{"@type":"Article","@id":"https:\/\/proyate.art\/edital-02-2024-concurso-de-fotografia-memorias-em-foco\/#article","isPartOf":{"@id":"https:\/\/proyate.art\/edital-02-2024-concurso-de-fotografia-memorias-em-foco\/"},"author":{"name":"proyate","@id":"https:\/\/proyate.art\/#\/schema\/person\/122b49be2808d0b39ccec6c4ec24ea1a"},"headline":"EDITAL 02\/2024 &#8211; CONCURSO DE FOTOGRAFIA \u201cMEM\u00d3RIAS EM FOCO\u201d","datePublished":"2024-02-09T11:00:06+00:00","dateModified":"2024-03-09T14:38:52+00:00","mainEntityOfPage":{"@id":"https:\/\/proyate.art\/edital-02-2024-concurso-de-fotografia-memorias-em-foco\/"},"wordCount":552,"publisher":{"@id":"https:\/\/proyate.art\/#organization"},"keywords":["Concurso de Fotografia","Edital Cultural","Fotografia","Goi\u00e2nia","Goi\u00e2nia Art D\u00e9co","Goi\u00e2nia Art D\u00e9co Festival","Proyat\u00ea"],"articleSection":["Editais","Festivais"],"inLanguage":"es"},{"@type":"WebPage","@id":"https:\/\/proyate.art\/edital-02-2024-concurso-de-fotografia-memorias-em-foco\/","url":"https:\/\/proyate.art\/edital-02-2024-concurso-de-fotografia-memorias-em-foco\/","name":"EDITAL 02\/2024 - CONCURSO DE FOTOGRAFIA \u201cMEM\u00d3RIAS EM FOCO\u201d -","isPartOf":{"@id":"https:\/\/proyate.art\/#website"},"datePublished":"2024-02-09T11:00:06+00:00","dateModified":"2024-03-09T14:38:52+00:00","description":"O prop\u00f3sito do concurso \u201cMem\u00f3rias em Foco\u201d \u00e9 premiar 22 fotografias, que ir\u00e3o compor exposi\u00e7\u00f5es do Goi\u00e2nia Art D\u00e9co Festival - 7\u00aa Edi\u00e7\u00e3o.","inLanguage":"es","potentialAction":[{"@type":"ReadAction","target":["https:\/\/proyate.art\/edital-02-2024-concurso-de-fotografia-memorias-em-foco\/"]}]},{"@type":"WebSite","@id":"https:\/\/proyate.art\/#website","url":"https:\/\/proyate.art\/","name":"PROYAT\u00ca","description":"","publisher":{"@id":"https:\/\/proyate.art\/#organization"},"potentialAction":[{"@type":"SearchAction","target":{"@type":"EntryPoint","urlTemplate":"https:\/\/proyate.art\/?s={search_term_string}"},"query-input":"required name=search_term_string"}],"inLanguage":"es"},{"@type":"Organization","@id":"https:\/\/proyate.art\/#organization","name":"PROYAT\u00ca","url":"https:\/\/proyate.art\/","logo":{"@type":"ImageObject","inLanguage":"es","@id":"https:\/\/proyate.art\/#\/schema\/logo\/image\/","url":"https:\/\/proyate.art\/wp-content\/uploads\/2023\/10\/home-logo-footer.png","contentUrl":"https:\/\/proyate.art\/wp-content\/uploads\/2023\/10\/home-logo-footer.png","width":334,"height":140,"caption":"PROYAT\u00ca"},"image":{"@id":"https:\/\/proyate.art\/#\/schema\/logo\/image\/"}},{"@type":"Person","@id":"https:\/\/proyate.art\/#\/schema\/person\/122b49be2808d0b39ccec6c4ec24ea1a","name":"proyate","url":"https:\/\/proyate.art\/es\/author\/proyate\/"}]}},"_links":{"self":[{"href":"https:\/\/proyate.art\/es\/wp-json\/wp\/v2\/posts\/1360"}],"collection":[{"href":"https:\/\/proyate.art\/es\/wp-json\/wp\/v2\/posts"}],"about":[{"href":"https:\/\/proyate.art\/es\/wp-json\/wp\/v2\/types\/post"}],"author":[{"embeddable":true,"href":"https:\/\/proyate.art\/es\/wp-json\/wp\/v2\/users\/4003"}],"replies":[{"embeddable":true,"href":"https:\/\/proyate.art\/es\/wp-json\/wp\/v2\/comments?post=1360"}],"version-history":[{"count":7,"href":"https:\/\/proyate.art\/es\/wp-json\/wp\/v2\/posts\/1360\/revisions"}],"predecessor-version":[{"id":1598,"href":"https:\/\/proyate.art\/es\/wp-json\/wp\/v2\/posts\/1360\/revisions\/1598"}],"wp:featuredmedia":[{"embeddable":true,"href":"https:\/\/proyate.art\/es\/wp-json\/wp\/v2\/media\/1354"}],"wp:attachment":[{"href":"https:\/\/proyate.art\/es\/wp-json\/wp\/v2\/media?parent=1360"}],"wp:term":[{"taxonomy":"category","embeddable":true,"href":"https:\/\/proyate.art\/es\/wp-json\/wp\/v2\/categories?post=1360"},{"taxonomy":"post_tag","embeddable":true,"href":"https:\/\/proyate.art\/es\/wp-json\/wp\/v2\/tags?post=1360"}],"curies":[{"name":"wp","href":"https:\/\/api.w.org\/{rel}","templated":true}]}}