{"id":1629,"date":"2024-04-09T14:59:34","date_gmt":"2024-04-09T17:59:34","guid":{"rendered":"https:\/\/proyate.art\/?p=1629"},"modified":"2024-04-09T17:59:16","modified_gmt":"2024-04-09T20:59:16","slug":"votacao-do-concurso-memorias-em-foco","status":"publish","type":"post","link":"https:\/\/proyate.art\/es\/votacao-do-concurso-memorias-em-foco\/","title":{"rendered":"Concurso &#8220;Mem\u00f3rias em Foco&#8221; &#8211; Vota\u00e7\u00e3o do P\u00fablico"},"content":{"rendered":"<h2>GOI\u00c2NIA ART D\u00c9CO FESTIVAL &#8211; 7\u00aa Edi\u00e7\u00e3o<\/h2>\n<p>A Proyat\u00ea, em parceria com a ONYGO Turismo, por meio do Edital de Fomento aos Festivais e Eventos do Fundo de Arte e Cultura do Estado de Goi\u00e1s 2023, realiza a 7\u00aa Edi\u00e7\u00e3o do <em>Festival de Arte D\u00e9co de Goi\u00e2nia<\/em>, que no ano de 2024 tem como tem\u00e1tica o \u201cPatrim\u00f4nio Adormecido\u201d. Como parte das a\u00e7\u00f5es do evento, realizou-se o concurso de fotografia <a href=\"https:\/\/proyate.art\/es\/edital-02-2024-concurso-de-fotografia-memorias-em-foco\/\">\u201cMem\u00f3rias em Foco\u201d<\/a>. O <a href=\"https:\/\/proyate.art\/es\/edital-02-2024-concurso-de-fotografia-memorias-em-foco\/\">Edital 02\/2024 \u2013 Proyat\u00ea<\/a> &#8211; teve por objetivo selecionar vinte e duas (22) fotografias autorais de goianos(as), profissionais ou amadores, dos monumentos <em>art d\u00e9co<\/em> tombados pelo Iphan, em Goi\u00e2nia (GO).<\/p>\n<p>O <em>Festival de Arte D\u00e9co de Goi\u00e2nia<\/em> \u00e9 um evento anual que acontece desde 2018 e, atualmente, encontra-se em sua 7\u00aa edi\u00e7\u00e3o, com proposta de realiza\u00e7\u00e3o no ano de 2024. Idealizado pelo artista goiano Gutto Lemes, este evento tem como objetivo promover a cultura e a preserva\u00e7\u00e3o da arquitetura <em>art d\u00e9co<\/em> presente na cidade de Goi\u00e2nia, considerada a capital do <em>art d\u00e9co<\/em>.<\/p>\n<p>O prop\u00f3sito do concurso \u201cMem\u00f3rias em Foco\u201d \u00e9 promover a cultura e a preserva\u00e7\u00e3o da arquitetura <em>art d\u00e9co<\/em> e estimular os artistas goianos, valorizando a fotografia enquanto express\u00e3o art\u00edstica daqueles que de forma profissional ou iniciante, se dedicam ao prazer de captar imagens urbanas.<\/p>\n<p>As vinte e duas (22) fotografias selecionadas ir\u00e3o compor uma exposi\u00e7\u00e3o do <em>Festival de Arte D\u00e9co de Goi\u00e2nia<\/em><em> \u2013 7\u00aa Edi\u00e7\u00e3o<\/em>.<\/p>\n<p>J\u00fari especializado realizou a sele\u00e7\u00e3o das 22 melhores fotografias inscritas, inclusive, definindo os ganhadores do 1\u00b0 lugar (premia\u00e7\u00e3o de R$ 800,00) e 2\u00b0 lugar (premia\u00e7\u00e3o de R% 500,00). J\u00e1 a escolha do 3\u00b0 lugar (premia\u00e7\u00e3o de R% 300,00) ficar\u00e1 a cargo do p\u00fablico, a partir das fotografias pr\u00e9-selecionadas pelo j\u00fari.<\/p>\n<p>Abaixo descrevemos mais informa\u00e7\u00f5es sobre a vota\u00e7\u00e3o.<\/p>\n<p>&nbsp;<\/p>\n<h2>3\u00b0 LUGAR<\/h2>\n<p>Com o objetivo de premiar os talentos goianos, ap\u00f3s decis\u00e3o dos jurados especializados do evento, abrimos a vota\u00e7\u00e3o do terceiro lugar para o p\u00fablico. A artista premiado que tiver sua foto premiada com a vota\u00e7\u00e3o popular, al\u00e9m de ter a mesma exibida na exposi\u00e7\u00e3o deste ano do Festival, tamb\u00e9m receber\u00e1 um pr\u00eamio em dinheiro de R$ 300.<\/p>\n<p>Para votar \u00e9 super simples!<\/p>\n<p><strong>Basta:<\/strong><\/p>\n<ol>\n<li><strong>\u2192 Acessar o perfil da <a href=\"https:\/\/www.instagram.com\/pro.yate\/\">@pro.yate<\/a> e do <a href=\"https:\/\/www.instagram.com\/goianiaartdecofestival\/\">@goianiaartdecofestival <\/a><\/strong><\/li>\n<li><strong>\u2192 Seguir ambos os perfis no Instagram, e <\/strong><\/li>\n<li><strong>\u2192 Curtir a foto que deseja que ganhe a premia\u00e7\u00e3o.\u00a0<\/strong><\/li>\n<\/ol>\n<p>&nbsp;<\/p>\n<p>Confira as fotos que est\u00e3o concorrendo ao pr\u00eamio:<\/p>\n<p>&nbsp;<\/p>\n<p style=\"text-align: center;\">Trampolim: Lago das Rosas \u2013 Av. Anhanguera esq. com Alameda dos Buritis \u2013 Setor Oeste (Goi\u00e2nia &#8211; GO)<\/p>\n<figure id=\"attachment_1632\" aria-describedby=\"caption-attachment-1632\" style=\"width: 800px\" class=\"wp-caption aligncenter\"><img fetchpriority=\"high\" decoding=\"async\" class=\"wp-image-1632 size-large\" title=\"Trampolim - Pedro de Faria Parreira\" src=\"https:\/\/proyate.art\/wp-content\/uploads\/2024\/04\/01-Trampolim-1024x823.jpg\" alt=\"Trampolim - Pedro de Faria Parreira\" width=\"800\" height=\"643\" srcset=\"https:\/\/proyate.art\/wp-content\/uploads\/2024\/04\/01-Trampolim-1024x823.jpg 1024w, https:\/\/proyate.art\/wp-content\/uploads\/2024\/04\/01-Trampolim-300x241.jpg 300w, https:\/\/proyate.art\/wp-content\/uploads\/2024\/04\/01-Trampolim-768x617.jpg 768w, https:\/\/proyate.art\/wp-content\/uploads\/2024\/04\/01-Trampolim-1536x1235.jpg 1536w, https:\/\/proyate.art\/wp-content\/uploads\/2024\/04\/01-Trampolim-2048x1646.jpg 2048w, https:\/\/proyate.art\/wp-content\/uploads\/2024\/04\/01-Trampolim-15x12.jpg 15w\" sizes=\"(max-width: 800px) 100vw, 800px\" \/><figcaption id=\"caption-attachment-1632\" class=\"wp-caption-text\">Nome do(a) autor(a): Pedro de Faria Parreira &#8211; T\u00edtulo da Fotografia: Trampolim &#8211; Data em que foi realizada: 03\/03\/2024 &#8211;\u00a0 Descri\u00e7\u00e3o sobre a Fotografia: Canon EOS R, 40 mm, f\/11, 1\/100. &#8211; Link para vota\u00e7\u00e3o: <a href=\"https:\/\/www.instagram.com\/p\/C5ZRjxfORXP\/\">Vote aqui!<\/a><\/figcaption><\/figure>\n<p>&nbsp;<\/p>\n<p style=\"text-align: center;\">Mureta: Lago das Rosas \u2013 Av. Anhanguera esq. com Alameda dos Buritis \u2013 Setor Oeste (Goi\u00e2nia &#8211; GO)<\/p>\n<figure id=\"attachment_1633\" aria-describedby=\"caption-attachment-1633\" style=\"width: 768px\" class=\"wp-caption aligncenter\"><img decoding=\"async\" class=\"wp-image-1633 size-large\" title=\"Mureta Lago das Rosas - Geovana Antoniele C\u00e2ndido Cardoso\" src=\"https:\/\/proyate.art\/wp-content\/uploads\/2024\/04\/02-Mureta_-Lago-das-Rosas-768x1024.jpg\" alt=\"Mureta Lago das Rosas - Geovana Antoniele C\u00e2ndido Cardoso\" width=\"768\" height=\"1024\" srcset=\"https:\/\/proyate.art\/wp-content\/uploads\/2024\/04\/02-Mureta_-Lago-das-Rosas-768x1024.jpg 768w, https:\/\/proyate.art\/wp-content\/uploads\/2024\/04\/02-Mureta_-Lago-das-Rosas-225x300.jpg 225w, https:\/\/proyate.art\/wp-content\/uploads\/2024\/04\/02-Mureta_-Lago-das-Rosas-1152x1536.jpg 1152w, https:\/\/proyate.art\/wp-content\/uploads\/2024\/04\/02-Mureta_-Lago-das-Rosas-1536x2048.jpg 1536w, https:\/\/proyate.art\/wp-content\/uploads\/2024\/04\/02-Mureta_-Lago-das-Rosas-9x12.jpg 9w, https:\/\/proyate.art\/wp-content\/uploads\/2024\/04\/02-Mureta_-Lago-das-Rosas-scaled.jpg 1920w\" sizes=\"(max-width: 768px) 100vw, 768px\" \/><figcaption id=\"caption-attachment-1633\" class=\"wp-caption-text\">Nome do(a) autor(a): Geovana Antoniele C\u00e2ndido Cardoso &#8211; T\u00edtulo da Fotografia: Mureta: Lago das Rosas &#8211; Data em que foi realizada: 14\/03\/2024 &#8211; Descri\u00e7\u00e3o sobre a Fotografia: Mureta do Lago das rosas, com seus detalhes de flores &#8211; Link para vota\u00e7\u00e3o: <a href=\"https:\/\/www.instagram.com\/p\/C5ZRywfOfqL\/\">Vote aqui!<\/a><\/figcaption><\/figure>\n<p>&nbsp;<\/p>\n<p style=\"text-align: center;\">Teatro Goi\u00e2nia: Rua 23, N\u00ba 252 \u2013 Centro (Goi\u00e2nia &#8211; GO)<\/p>\n<figure id=\"attachment_1634\" aria-describedby=\"caption-attachment-1634\" style=\"width: 683px\" class=\"wp-caption aligncenter\"><img decoding=\"async\" class=\"wp-image-1634 size-large\" title=\"Teatro Goi\u00e2nia\" src=\"https:\/\/proyate.art\/wp-content\/uploads\/2024\/04\/03-Teatro-Goiania-683x1024.jpg\" alt=\"Teatro Goi\u00e2nia - Andr\u00e9 Jos\u00e9 Bragan\u00e7a\" width=\"683\" height=\"1024\" srcset=\"https:\/\/proyate.art\/wp-content\/uploads\/2024\/04\/03-Teatro-Goiania-683x1024.jpg 683w, https:\/\/proyate.art\/wp-content\/uploads\/2024\/04\/03-Teatro-Goiania-200x300.jpg 200w, https:\/\/proyate.art\/wp-content\/uploads\/2024\/04\/03-Teatro-Goiania-768x1152.jpg 768w, https:\/\/proyate.art\/wp-content\/uploads\/2024\/04\/03-Teatro-Goiania-1024x1536.jpg 1024w, https:\/\/proyate.art\/wp-content\/uploads\/2024\/04\/03-Teatro-Goiania-1365x2048.jpg 1365w, https:\/\/proyate.art\/wp-content\/uploads\/2024\/04\/03-Teatro-Goiania-8x12.jpg 8w, https:\/\/proyate.art\/wp-content\/uploads\/2024\/04\/03-Teatro-Goiania-scaled.jpg 1707w\" sizes=\"(max-width: 683px) 100vw, 683px\" \/><figcaption id=\"caption-attachment-1634\" class=\"wp-caption-text\">Nome do(a) autor(a): Andr\u00e9 Jos\u00e9 Bragan\u00e7a &#8211; T\u00edtulo da Fotografia: 3_Teatro Goi\u00e2nia &#8211; Data em que foi realizada: 03\/03\/24 &#8211; Descri\u00e7\u00e3o sobre a Fotografia: Em estilo Art D\u00e9co, o Cine-Teatro Goi\u00e2nia com seu desenho que lembra um grande transatl\u00e2ntico, foi o palco do Batismo Cultural da Nova Capital em 1942. Suas linhas ora retas, ora sinuosas expressam a dramaticidade, impon\u00eancia e eleg\u00e2ncia da Constru\u00e7\u00e3o. &#8211; Link para vota\u00e7\u00e3o: <a href=\"https:\/\/www.instagram.com\/p\/C5ZR-MYOzru\/\">Vote aqui!<\/a><\/figcaption><\/figure>\n<p>&nbsp;<\/p>\n<p style=\"text-align: center;\">Torre do Rel\u00f3gio: Av. Goi\u00e1s com Pra\u00e7a C\u00edvica \u2013 Centro (Goi\u00e2nia &#8211; GO)<\/p>\n<figure id=\"attachment_1640\" aria-describedby=\"caption-attachment-1640\" style=\"width: 800px\" class=\"wp-caption aligncenter\"><img loading=\"lazy\" decoding=\"async\" class=\"wp-image-1640 size-large\" title=\"Tempo goiano - Renato Vital de Melo Filho\" src=\"https:\/\/proyate.art\/wp-content\/uploads\/2024\/04\/04-.-Tempo-goiano-1024x687.jpg\" alt=\"Tempo goiano - Renato Vital de Melo Filho\" width=\"800\" height=\"537\" srcset=\"https:\/\/proyate.art\/wp-content\/uploads\/2024\/04\/04-.-Tempo-goiano-1024x687.jpg 1024w, https:\/\/proyate.art\/wp-content\/uploads\/2024\/04\/04-.-Tempo-goiano-300x201.jpg 300w, https:\/\/proyate.art\/wp-content\/uploads\/2024\/04\/04-.-Tempo-goiano-768x515.jpg 768w, https:\/\/proyate.art\/wp-content\/uploads\/2024\/04\/04-.-Tempo-goiano-1536x1030.jpg 1536w, https:\/\/proyate.art\/wp-content\/uploads\/2024\/04\/04-.-Tempo-goiano-2048x1373.jpg 2048w, https:\/\/proyate.art\/wp-content\/uploads\/2024\/04\/04-.-Tempo-goiano-18x12.jpg 18w\" sizes=\"(max-width: 800px) 100vw, 800px\" \/><figcaption id=\"caption-attachment-1640\" class=\"wp-caption-text\">Nome do(a) autor(a): Renato Vital &#8211; T\u00edtulo da Fotografia: Tempo goiano &#8211; Data em que foi realizada: 03\/03\/2024 &#8211; Descri\u00e7\u00e3o sobre a Fotografia: O tempo goiano mostra a simplicidade e calmaria que Goi\u00e2nia um dia j\u00e1 teve. &#8211; Link para vota\u00e7\u00e3o: <a href=\"https:\/\/www.instagram.com\/p\/C5ZVgyWOWM0\/\">Vote aqui!<\/a><\/figcaption><\/figure>\n<p>&nbsp;<\/p>\n<p style=\"text-align: center;\">Tribunal Regional Eleitoral: Pra\u00e7a C\u00edvica, N\u00ba 300 \u2013 Centro (Goi\u00e2nia &#8211; GO)<\/p>\n<figure id=\"attachment_1642\" aria-describedby=\"caption-attachment-1642\" style=\"width: 800px\" class=\"wp-caption aligncenter\"><img loading=\"lazy\" decoding=\"async\" class=\"wp-image-1642 size-large\" title=\"Tribunal Regional Eleitoral - Pedro de Faria Parreira\" src=\"https:\/\/proyate.art\/wp-content\/uploads\/2024\/04\/06-Tribunal-Regional-Eleitoral-1024x768.jpg\" alt=\"Tribunal Regional Eleitoral - Pedro de Faria Parreira\" width=\"800\" height=\"600\" srcset=\"https:\/\/proyate.art\/wp-content\/uploads\/2024\/04\/06-Tribunal-Regional-Eleitoral-1024x768.jpg 1024w, https:\/\/proyate.art\/wp-content\/uploads\/2024\/04\/06-Tribunal-Regional-Eleitoral-300x225.jpg 300w, https:\/\/proyate.art\/wp-content\/uploads\/2024\/04\/06-Tribunal-Regional-Eleitoral-768x576.jpg 768w, https:\/\/proyate.art\/wp-content\/uploads\/2024\/04\/06-Tribunal-Regional-Eleitoral-1536x1152.jpg 1536w, https:\/\/proyate.art\/wp-content\/uploads\/2024\/04\/06-Tribunal-Regional-Eleitoral-2048x1536.jpg 2048w, https:\/\/proyate.art\/wp-content\/uploads\/2024\/04\/06-Tribunal-Regional-Eleitoral-16x12.jpg 16w\" sizes=\"(max-width: 800px) 100vw, 800px\" \/><figcaption id=\"caption-attachment-1642\" class=\"wp-caption-text\">Nome do(a) autor(a): Pedro de Faria Parreira &#8211; T\u00edtulo da Fotografia: Tribunal Regional Eleitoral &#8211; Data em que foi realizada: 17\/03\/2024 &#8211; Descri\u00e7\u00e3o sobre a Fotografia: Canon EOS R, 24 mm, f\/11, 1\/100. &#8211; Link para vota\u00e7\u00e3o: Vote aqui!<\/figcaption><\/figure>\n<p>&nbsp;<\/p>\n<p style=\"text-align: center;\">Fonte Luminosa: Pra\u00e7a C\u00edvica \u2013 Centro (Goi\u00e2nia &#8211; GO)<\/p>\n<figure id=\"attachment_1643\" aria-describedby=\"caption-attachment-1643\" style=\"width: 800px\" class=\"wp-caption aligncenter\"><img loading=\"lazy\" decoding=\"async\" class=\"wp-image-1643 size-large\" title=\"Fonte Luminosa - ANA PAULA CASTRO\" src=\"https:\/\/proyate.art\/wp-content\/uploads\/2024\/04\/07-FOTO_ANA_PAULA_CASTRO-1024x683.jpg\" alt=\"Fonte Luminosa - ANA PAULA CASTRO\" width=\"800\" height=\"534\" srcset=\"https:\/\/proyate.art\/wp-content\/uploads\/2024\/04\/07-FOTO_ANA_PAULA_CASTRO-1024x683.jpg 1024w, https:\/\/proyate.art\/wp-content\/uploads\/2024\/04\/07-FOTO_ANA_PAULA_CASTRO-300x200.jpg 300w, https:\/\/proyate.art\/wp-content\/uploads\/2024\/04\/07-FOTO_ANA_PAULA_CASTRO-768x512.jpg 768w, https:\/\/proyate.art\/wp-content\/uploads\/2024\/04\/07-FOTO_ANA_PAULA_CASTRO-1536x1024.jpg 1536w, https:\/\/proyate.art\/wp-content\/uploads\/2024\/04\/07-FOTO_ANA_PAULA_CASTRO-2048x1365.jpg 2048w, https:\/\/proyate.art\/wp-content\/uploads\/2024\/04\/07-FOTO_ANA_PAULA_CASTRO-18x12.jpg 18w\" sizes=\"(max-width: 800px) 100vw, 800px\" \/><figcaption id=\"caption-attachment-1643\" class=\"wp-caption-text\">Nome do(a) autor(a): Ana Paula Castro &#8211; T\u00edtulo da Fotografia: Fonte Luminosa &#8211; Data em que foi realizada: 25\/02\/2024 &#8211; Descri\u00e7\u00e3o sobre a Fotografia: Foto feita na parte da manh\u00e3, longa exposi\u00e7\u00e3o focando na \u00e1gua. &#8211; Link para vota\u00e7\u00e3o: Vote aqui!<\/figcaption><\/figure>\n<p>&nbsp;<\/p>\n<p style=\"text-align: center;\">Museu Pedro Ludovico: Rua: Dona Gercina Borges Teixeira \u2013 Setor Sul (Goi\u00e2nia &#8211; GO)<\/p>\n<figure id=\"attachment_1644\" aria-describedby=\"caption-attachment-1644\" style=\"width: 577px\" class=\"wp-caption aligncenter\"><img loading=\"lazy\" decoding=\"async\" class=\"wp-image-1644 size-large\" title=\"Ana Clara Jacob Matos de C\u00e1ssio Siqueira\" src=\"https:\/\/proyate.art\/wp-content\/uploads\/2024\/04\/08-FOTO_ANA_PAULA_CASTRO-577x1024.jpg\" alt=\"Ana Clara Jacob Matos de C\u00e1ssio Siqueira\" width=\"577\" height=\"1024\" srcset=\"https:\/\/proyate.art\/wp-content\/uploads\/2024\/04\/08-FOTO_ANA_PAULA_CASTRO-577x1024.jpg 577w, https:\/\/proyate.art\/wp-content\/uploads\/2024\/04\/08-FOTO_ANA_PAULA_CASTRO-169x300.jpg 169w, https:\/\/proyate.art\/wp-content\/uploads\/2024\/04\/08-FOTO_ANA_PAULA_CASTRO-768x1363.jpg 768w, https:\/\/proyate.art\/wp-content\/uploads\/2024\/04\/08-FOTO_ANA_PAULA_CASTRO-7x12.jpg 7w, https:\/\/proyate.art\/wp-content\/uploads\/2024\/04\/08-FOTO_ANA_PAULA_CASTRO.jpg 828w\" sizes=\"(max-width: 577px) 100vw, 577px\" \/><figcaption id=\"caption-attachment-1644\" class=\"wp-caption-text\">Nome do(a) autor(a): Ana Clara Jacob &#8211; T\u00edtulo da Fotografia: Espiando \u00e0s janelas da alma de Goi\u00e1s &#8211; Data em que foi realizada: 03\/03\/2024 &#8211; Descri\u00e7\u00e3o sobre a Fotografia: A fotografia mostra uma casa atrav\u00e9s de grades brancas desenhadas em arabescos. A casa tem um tom alaranjado e possui o estilo art dec\u00f3, com 4 janelas dispostas em fileiras de 2 em 2, uma a baixo da outra, estando as duas de cima abertas e as duas debaixo tampadas por grades tamb\u00e9m desenhadas em arabescos. Ao redor da casa \u00e9 poss\u00edvel ver um quintal com v\u00e1rias \u00e1rvores e plantas. &#8211; Link para vota\u00e7\u00e3o: Vote aqui!<\/figcaption><\/figure>\n<p>&nbsp;<\/p>\n<p style=\"text-align: center;\">Chefatura de Pol\u00edcia: Pra\u00e7a C\u00edvica \u2013 Centro (Goi\u00e2nia &#8211; GO)<\/p>\n<figure id=\"attachment_1645\" aria-describedby=\"caption-attachment-1645\" style=\"width: 800px\" class=\"wp-caption aligncenter\"><img loading=\"lazy\" decoding=\"async\" class=\"wp-image-1645 size-large\" title=\"Chefatura de Poli\u0301cia - Pedro de Faria Parreira\" src=\"https:\/\/proyate.art\/wp-content\/uploads\/2024\/04\/09-Chefatura-de-Policia-1024x709.jpg\" alt=\"Chefatura de Poli\u0301cia - Pedro de Faria Parreira\" width=\"800\" height=\"554\" srcset=\"https:\/\/proyate.art\/wp-content\/uploads\/2024\/04\/09-Chefatura-de-Policia-1024x709.jpg 1024w, https:\/\/proyate.art\/wp-content\/uploads\/2024\/04\/09-Chefatura-de-Policia-300x208.jpg 300w, https:\/\/proyate.art\/wp-content\/uploads\/2024\/04\/09-Chefatura-de-Policia-768x532.jpg 768w, https:\/\/proyate.art\/wp-content\/uploads\/2024\/04\/09-Chefatura-de-Policia-1536x1064.jpg 1536w, https:\/\/proyate.art\/wp-content\/uploads\/2024\/04\/09-Chefatura-de-Policia-2048x1419.jpg 2048w, https:\/\/proyate.art\/wp-content\/uploads\/2024\/04\/09-Chefatura-de-Policia-18x12.jpg 18w\" sizes=\"(max-width: 800px) 100vw, 800px\" \/><figcaption id=\"caption-attachment-1645\" class=\"wp-caption-text\">Nome do(a) autor(a): Pedro de Faria Parreira &#8211; T\u00edtulo da Fotografia: Chefatura de Pol\u00edcia &#8211; Data em que foi realizada: 17\/03\/2024 &#8211; Descri\u00e7\u00e3o sobre a Fotografia: Canon EOS R, 24 mm, f\/14, 1\/160. &#8211; Link para vota\u00e7\u00e3o: Vote aqui!<\/figcaption><\/figure>\n<p>&nbsp;<\/p>\n<p style=\"text-align: center;\">F\u00f3rum e Tribunal de Justi\u00e7a: Pra\u00e7a C\u00edvica \u2013 Centro (Goi\u00e2nia &#8211; GO)<\/p>\n<figure id=\"attachment_1646\" aria-describedby=\"caption-attachment-1646\" style=\"width: 683px\" class=\"wp-caption aligncenter\"><img loading=\"lazy\" decoding=\"async\" class=\"wp-image-1646 size-large\" title=\"Let\u00edcia Silva Coqueiro\" src=\"https:\/\/proyate.art\/wp-content\/uploads\/2024\/04\/10-Leticia-Silva-Coqueiro--683x1024.jpg\" alt=\"Let\u00edcia Silva Coqueiro\" width=\"683\" height=\"1024\" srcset=\"https:\/\/proyate.art\/wp-content\/uploads\/2024\/04\/10-Leticia-Silva-Coqueiro--683x1024.jpg 683w, https:\/\/proyate.art\/wp-content\/uploads\/2024\/04\/10-Leticia-Silva-Coqueiro--200x300.jpg 200w, https:\/\/proyate.art\/wp-content\/uploads\/2024\/04\/10-Leticia-Silva-Coqueiro--768x1152.jpg 768w, https:\/\/proyate.art\/wp-content\/uploads\/2024\/04\/10-Leticia-Silva-Coqueiro--1024x1536.jpg 1024w, https:\/\/proyate.art\/wp-content\/uploads\/2024\/04\/10-Leticia-Silva-Coqueiro--1365x2048.jpg 1365w, https:\/\/proyate.art\/wp-content\/uploads\/2024\/04\/10-Leticia-Silva-Coqueiro--8x12.jpg 8w, https:\/\/proyate.art\/wp-content\/uploads\/2024\/04\/10-Leticia-Silva-Coqueiro--scaled.jpg 1707w\" sizes=\"(max-width: 683px) 100vw, 683px\" \/><figcaption id=\"caption-attachment-1646\" class=\"wp-caption-text\">Nome do(a) autor(a): Let\u00edcia Silva Coqueiro &#8211; T\u00edtulo da Fotografia: Cubismo &#8211; Data em que foi realizada: 28\/02\/2024 &#8211; Link para vota\u00e7\u00e3o: Vote aqui!<\/figcaption><\/figure>\n<p>&nbsp;<\/p>\n<p style=\"text-align: center;\">Pal\u00e1cio das Esmeraldas: Pra\u00e7a C\u00edvica \u2013 Centro (Goi\u00e2nia &#8211; GO)<\/p>\n<figure id=\"attachment_1647\" aria-describedby=\"caption-attachment-1647\" style=\"width: 800px\" class=\"wp-caption aligncenter\"><img loading=\"lazy\" decoding=\"async\" class=\"wp-image-1647 size-large\" title=\"Andr\u00e9 Saddi Jord\u00e3o - Pal\u00e1cio das Esmeraldas\" src=\"https:\/\/proyate.art\/wp-content\/uploads\/2024\/04\/11-19-06-2023-PALACIO-DAS-1024x683.jpeg\" alt=\"Andr\u00e9 Saddi Jord\u00e3o - Pal\u00e1cio das Esmeraldas\" width=\"800\" height=\"534\" srcset=\"https:\/\/proyate.art\/wp-content\/uploads\/2024\/04\/11-19-06-2023-PALACIO-DAS-1024x683.jpeg 1024w, https:\/\/proyate.art\/wp-content\/uploads\/2024\/04\/11-19-06-2023-PALACIO-DAS-300x200.jpeg 300w, https:\/\/proyate.art\/wp-content\/uploads\/2024\/04\/11-19-06-2023-PALACIO-DAS-768x512.jpeg 768w, https:\/\/proyate.art\/wp-content\/uploads\/2024\/04\/11-19-06-2023-PALACIO-DAS-1536x1024.jpeg 1536w, https:\/\/proyate.art\/wp-content\/uploads\/2024\/04\/11-19-06-2023-PALACIO-DAS-2048x1365.jpeg 2048w, https:\/\/proyate.art\/wp-content\/uploads\/2024\/04\/11-19-06-2023-PALACIO-DAS-18x12.jpeg 18w\" sizes=\"(max-width: 800px) 100vw, 800px\" \/><figcaption id=\"caption-attachment-1647\" class=\"wp-caption-text\">Nome do(a) autor(a): Andr\u00e9 Saddi &#8211; T\u00edtulo da Fotografia: Pal\u00e1cio das Esmeraldas: Um Portal para a Hist\u00f3ria &#8211; Data em que foi realizada: 19\/06\/2023 &#8211; Descri\u00e7\u00e3o sobre a Fotografia: A fotografia mostra o portal de entrada do pal\u00e1cio das esmeraldas feita em Art D\u00e9co , com reflexo espelhado na fonte de entrada do pal\u00e1cio, em um dia com um p\u00f4r de sol, e c\u00e9u totalmente limpo. &#8211; Link para vota\u00e7\u00e3o: Vote aqui!<\/figcaption><\/figure>\n<p>&nbsp;<\/p>\n<p style=\"text-align: center;\">Lumin\u00e1ria\/Obelisco: Pra\u00e7a C\u00edvica \u2013 Centro (Goi\u00e2nia &#8211; GO)<\/p>\n<figure id=\"attachment_1648\" aria-describedby=\"caption-attachment-1648\" style=\"width: 682px\" class=\"wp-caption aligncenter\"><img loading=\"lazy\" decoding=\"async\" class=\"wp-image-1648 size-large\" title=\"Obelisco rumo ao c\u00e9u - Lucas Pessoa Dantas \" src=\"https:\/\/proyate.art\/wp-content\/uploads\/2024\/04\/12-Obelisco-rumo-ao-ceu-682x1024.jpg\" alt=\"Obelisco rumo ao c\u00e9u - Lucas Pessoa Dantas \" width=\"682\" height=\"1024\" srcset=\"https:\/\/proyate.art\/wp-content\/uploads\/2024\/04\/12-Obelisco-rumo-ao-ceu-682x1024.jpg 682w, https:\/\/proyate.art\/wp-content\/uploads\/2024\/04\/12-Obelisco-rumo-ao-ceu-200x300.jpg 200w, https:\/\/proyate.art\/wp-content\/uploads\/2024\/04\/12-Obelisco-rumo-ao-ceu-768x1153.jpg 768w, https:\/\/proyate.art\/wp-content\/uploads\/2024\/04\/12-Obelisco-rumo-ao-ceu-1023x1536.jpg 1023w, https:\/\/proyate.art\/wp-content\/uploads\/2024\/04\/12-Obelisco-rumo-ao-ceu-1364x2048.jpg 1364w, https:\/\/proyate.art\/wp-content\/uploads\/2024\/04\/12-Obelisco-rumo-ao-ceu-8x12.jpg 8w, https:\/\/proyate.art\/wp-content\/uploads\/2024\/04\/12-Obelisco-rumo-ao-ceu-scaled.jpg 1705w\" sizes=\"(max-width: 682px) 100vw, 682px\" \/><figcaption id=\"caption-attachment-1648\" class=\"wp-caption-text\">Nome do(a) autor(a): Lucas Pessoa Dantas &#8211; T\u00edtulo da Fotografia: Obelisco rumo ao c\u00e9u &#8211; Data em que foi realizada: 20\/02\/24 &#8211; Descri\u00e7\u00e3o sobre a Fotografia: Fotografia em contra plong\u00e9e (de baixo para cima) do Obelisco da Pra\u00e7a C\u00edvica sob o c\u00e9u nublado de Goi\u00e2nia. &#8211; Link para vota\u00e7\u00e3o: <a href=\"https:\/\/www.instagram.com\/p\/C5ZTSu8uspr\/\">Vote aqui!<\/a><\/figcaption><\/figure>\n<p>&nbsp;<\/p>\n<p style=\"text-align: center;\">Secretaria Geral: Pra\u00e7a C\u00edvica \u2013 Centro (Goi\u00e2nia &#8211; GO)<\/p>\n<figure id=\"attachment_1649\" aria-describedby=\"caption-attachment-1649\" style=\"width: 800px\" class=\"wp-caption aligncenter\"><img loading=\"lazy\" decoding=\"async\" class=\"wp-image-1649 size-large\" title=\"Let\u00edcia Silva Coqueiro Retas\" src=\"https:\/\/proyate.art\/wp-content\/uploads\/2024\/04\/13-Leticia-Silva-Coqueiro-Retas-1024x683.jpg\" alt=\"Let\u00edcia Silva Coqueiro Retas\" width=\"800\" height=\"534\" srcset=\"https:\/\/proyate.art\/wp-content\/uploads\/2024\/04\/13-Leticia-Silva-Coqueiro-Retas-1024x683.jpg 1024w, https:\/\/proyate.art\/wp-content\/uploads\/2024\/04\/13-Leticia-Silva-Coqueiro-Retas-300x200.jpg 300w, https:\/\/proyate.art\/wp-content\/uploads\/2024\/04\/13-Leticia-Silva-Coqueiro-Retas-768x512.jpg 768w, https:\/\/proyate.art\/wp-content\/uploads\/2024\/04\/13-Leticia-Silva-Coqueiro-Retas-1536x1024.jpg 1536w, https:\/\/proyate.art\/wp-content\/uploads\/2024\/04\/13-Leticia-Silva-Coqueiro-Retas-2048x1365.jpg 2048w, https:\/\/proyate.art\/wp-content\/uploads\/2024\/04\/13-Leticia-Silva-Coqueiro-Retas-18x12.jpg 18w\" sizes=\"(max-width: 800px) 100vw, 800px\" \/><figcaption id=\"caption-attachment-1649\" class=\"wp-caption-text\">Nome do(a) autor(a): Let\u00edcia Silva Coqueiro &#8211; T\u00edtulo da Fotografia: Retas &#8211; Data em que foi realizada: 14\/04\/2021 &#8211; Descri\u00e7\u00e3o sobre a Fotografia: n\u00e3o consta. &#8211; Link para vota\u00e7\u00e3o: <a href=\"https:\/\/www.instagram.com\/p\/C5ZQX8quliG\/\">Vote aqui!<\/a><\/figcaption><\/figure>\n<p>&nbsp;<\/p>\n<p style=\"text-align: center;\">IPHAN: Em frente Pra\u00e7a C\u00edvica entre as avenidas Goi\u00e1s e Parana\u00edba \u2013 Centro (Goi\u00e2nia &#8211; GO)<\/p>\n<figure id=\"attachment_1650\" aria-describedby=\"caption-attachment-1650\" style=\"width: 800px\" class=\"wp-caption aligncenter\"><img loading=\"lazy\" decoding=\"async\" class=\"wp-image-1650 size-large\" title=\"Andr\u00e9 Jos\u00e9 Bragan\u00e7a - IPHAN\" src=\"https:\/\/proyate.art\/wp-content\/uploads\/2024\/04\/14-IPHAN-1024x683.jpg\" alt=\"Andr\u00e9 Jos\u00e9 Bragan\u00e7a - IPHAN\" width=\"800\" height=\"534\" srcset=\"https:\/\/proyate.art\/wp-content\/uploads\/2024\/04\/14-IPHAN-1024x683.jpg 1024w, https:\/\/proyate.art\/wp-content\/uploads\/2024\/04\/14-IPHAN-300x200.jpg 300w, https:\/\/proyate.art\/wp-content\/uploads\/2024\/04\/14-IPHAN-768x512.jpg 768w, https:\/\/proyate.art\/wp-content\/uploads\/2024\/04\/14-IPHAN-1536x1024.jpg 1536w, https:\/\/proyate.art\/wp-content\/uploads\/2024\/04\/14-IPHAN-2048x1365.jpg 2048w, https:\/\/proyate.art\/wp-content\/uploads\/2024\/04\/14-IPHAN-18x12.jpg 18w\" sizes=\"(max-width: 800px) 100vw, 800px\" \/><figcaption id=\"caption-attachment-1650\" class=\"wp-caption-text\">Nome do(a) autor(a): Andr\u00e9 Jos\u00e9 Bragan\u00e7a &#8211; T\u00edtulo da Fotografia: 12_IPHAN &#8211; Data em que foi realizada: 03\/03\/24 &#8211; Descri\u00e7\u00e3o sobre a Fotografia: Atualmente o edif\u00edcio abriga da Sede do Iphan &#8211; GO. O pr\u00e9dio, que originalmente abrigou a antiga Delegacia Fiscal, \u00e9 da d\u00e9cada de 1930. Apesar de passar por uma revitaliza\u00e7\u00e3o primorosa o pr\u00e9dio constru\u00eddo no estilo Art D\u00e9co tem sua faixada lateral (av Goi\u00e1s) &#8220;brigando&#8221; contra a polui\u00e7\u00e3o visual q toma conta do Centro da capital. &#8211; Link para vota\u00e7\u00e3o: <a href=\"https:\/\/www.instagram.com\/p\/C5ZTZ6QOprf\/\">Vote aqui!<\/a><\/figcaption><\/figure>\n<p>&nbsp;<\/p>\n<p style=\"text-align: center;\">Lyceu de Goi\u00e2nia: Rua: 21, N\u00ba 10 \u2013 Centro (Goi\u00e2nia &#8211; GO)<\/p>\n<figure id=\"attachment_1651\" aria-describedby=\"caption-attachment-1651\" style=\"width: 800px\" class=\"wp-caption aligncenter\"><img loading=\"lazy\" decoding=\"async\" class=\"wp-image-1651 size-large\" title=\"Let\u00edcia Silva Coqueiro - Lyceu de Goi\u00e2nia\" src=\"https:\/\/proyate.art\/wp-content\/uploads\/2024\/04\/15-Leticia-Silva-Coqueiro--1024x683.jpg\" alt=\"Let\u00edcia Silva Coqueiro - Lyceu de Goi\u00e2nia\" width=\"800\" height=\"534\" srcset=\"https:\/\/proyate.art\/wp-content\/uploads\/2024\/04\/15-Leticia-Silva-Coqueiro--1024x683.jpg 1024w, https:\/\/proyate.art\/wp-content\/uploads\/2024\/04\/15-Leticia-Silva-Coqueiro--300x200.jpg 300w, https:\/\/proyate.art\/wp-content\/uploads\/2024\/04\/15-Leticia-Silva-Coqueiro--768x512.jpg 768w, https:\/\/proyate.art\/wp-content\/uploads\/2024\/04\/15-Leticia-Silva-Coqueiro--1536x1024.jpg 1536w, https:\/\/proyate.art\/wp-content\/uploads\/2024\/04\/15-Leticia-Silva-Coqueiro--2048x1365.jpg 2048w, https:\/\/proyate.art\/wp-content\/uploads\/2024\/04\/15-Leticia-Silva-Coqueiro--18x12.jpg 18w\" sizes=\"(max-width: 800px) 100vw, 800px\" \/><figcaption id=\"caption-attachment-1651\" class=\"wp-caption-text\">Nome do(a) autor(a): Let\u00edcia Silva Coqueiro T\u00edtulo da Fotografia: Vida &#8211; Data em que foi realizada: 14\/04\/2021 &#8211; Link para vota\u00e7\u00e3o: <a href=\"https:\/\/www.instagram.com\/p\/C5ZTet6u_5X\/\">Vote aqui!<\/a><\/figcaption><\/figure>\n<p>&nbsp;<\/p>\n<p style=\"text-align: center;\">Instituto Federal de Goi\u00e1s: Rua: 75, N\u00ba 46 \u2013 Centro (Goi\u00e2nia &#8211; GO)<\/p>\n<figure id=\"attachment_1652\" aria-describedby=\"caption-attachment-1652\" style=\"width: 683px\" class=\"wp-caption aligncenter\"><img loading=\"lazy\" decoding=\"async\" class=\"wp-image-1652 size-large\" title=\"Instituto Federal de Goia\u0301s - Pedro de Faria Parreira\" src=\"https:\/\/proyate.art\/wp-content\/uploads\/2024\/04\/16-Instituto-Federal-de-Goias-683x1024.jpg\" alt=\"Instituto Federal de Goia\u0301s - Pedro de Faria Parreira\" width=\"683\" height=\"1024\" srcset=\"https:\/\/proyate.art\/wp-content\/uploads\/2024\/04\/16-Instituto-Federal-de-Goias-683x1024.jpg 683w, https:\/\/proyate.art\/wp-content\/uploads\/2024\/04\/16-Instituto-Federal-de-Goias-200x300.jpg 200w, https:\/\/proyate.art\/wp-content\/uploads\/2024\/04\/16-Instituto-Federal-de-Goias-768x1152.jpg 768w, https:\/\/proyate.art\/wp-content\/uploads\/2024\/04\/16-Instituto-Federal-de-Goias-1024x1536.jpg 1024w, https:\/\/proyate.art\/wp-content\/uploads\/2024\/04\/16-Instituto-Federal-de-Goias-1365x2048.jpg 1365w, https:\/\/proyate.art\/wp-content\/uploads\/2024\/04\/16-Instituto-Federal-de-Goias-8x12.jpg 8w, https:\/\/proyate.art\/wp-content\/uploads\/2024\/04\/16-Instituto-Federal-de-Goias-scaled.jpg 1707w\" sizes=\"(max-width: 683px) 100vw, 683px\" \/><figcaption id=\"caption-attachment-1652\" class=\"wp-caption-text\">Nome do(a) autor(a): Pedro de Faria Parreira &#8211; T\u00edtulo da Fotografia: Instituto Federal de Goi\u00e1s &#8211; Data em que foi realizada: 06\/03\/2024 &#8211; Descri\u00e7\u00e3o sobre a Fotografia: Canon EOS R, 24 mm, f\/22, 1\/100. &#8211; Link para vota\u00e7\u00e3o: <a href=\"https:\/\/www.instagram.com\/p\/C5ZTklPuEuR\/\">Vote aqui!<\/a><\/figcaption><\/figure>\n<p>&nbsp;<\/p>\n<p style=\"text-align: center;\">Esta\u00e7\u00e3o Ferrovi\u00e1ria: Av: Goi\u00e1s, 1799, Pra\u00e7a do Trabalhador \u2013 Centro (Goi\u00e2nia &#8211; GO)<\/p>\n<figure id=\"attachment_1653\" aria-describedby=\"caption-attachment-1653\" style=\"width: 800px\" class=\"wp-caption aligncenter\"><img loading=\"lazy\" decoding=\"async\" class=\"wp-image-1653 size-large\" title=\"A esta\u00e7\u00e3o - Lucas Pessoa Dantas\" src=\"https:\/\/proyate.art\/wp-content\/uploads\/2024\/04\/17-A-estacao-1024x683.jpg\" alt=\"A esta\u00e7\u00e3o - Lucas Pessoa Dantas\" width=\"800\" height=\"534\" srcset=\"https:\/\/proyate.art\/wp-content\/uploads\/2024\/04\/17-A-estacao-1024x683.jpg 1024w, https:\/\/proyate.art\/wp-content\/uploads\/2024\/04\/17-A-estacao-300x200.jpg 300w, https:\/\/proyate.art\/wp-content\/uploads\/2024\/04\/17-A-estacao-768x512.jpg 768w, https:\/\/proyate.art\/wp-content\/uploads\/2024\/04\/17-A-estacao-1536x1024.jpg 1536w, https:\/\/proyate.art\/wp-content\/uploads\/2024\/04\/17-A-estacao-2048x1365.jpg 2048w, https:\/\/proyate.art\/wp-content\/uploads\/2024\/04\/17-A-estacao-18x12.jpg 18w\" sizes=\"(max-width: 800px) 100vw, 800px\" \/><figcaption id=\"caption-attachment-1653\" class=\"wp-caption-text\">Nome do(a) autor(a): Lucas Pessoa Dantas &#8211; T\u00edtulo da Fotografia: A Esta\u00e7\u00e3o &#8211; Data em que foi realizada: 25\/02\/24 &#8211; Descri\u00e7\u00e3o sobre a Fotografia: Fotografia panor\u00e2mica da Esta\u00e7\u00e3o Ferrovi\u00e1ria da Pra\u00e7a do Trabalhador. &#8211; Link para vota\u00e7\u00e3o: <a href=\"https:\/\/www.instagram.com\/p\/C5ZTp15uLwR\/\">Vote aqui!<\/a><\/figcaption><\/figure>\n<p>&nbsp;<\/p>\n<p style=\"text-align: center;\">Biblioteca Cora Coralina: Pra\u00e7a Joaquim L\u00facio \u2013 Campinas (Goi\u00e2nia &#8211; GO)<\/p>\n<figure id=\"attachment_1654\" aria-describedby=\"caption-attachment-1654\" style=\"width: 682px\" class=\"wp-caption aligncenter\"><img loading=\"lazy\" decoding=\"async\" class=\"wp-image-1654 size-large\" title=\"Biblioteca Cora Coralina - Geovana Antoniele C\u00e2ndido Cardoso\" src=\"https:\/\/proyate.art\/wp-content\/uploads\/2024\/04\/18-Biblioteca-Cora-Coralina-682x1024.jpg\" alt=\"Biblioteca Cora Coralina - Geovana Antoniele C\u00e2ndido Cardoso\" width=\"682\" height=\"1024\" srcset=\"https:\/\/proyate.art\/wp-content\/uploads\/2024\/04\/18-Biblioteca-Cora-Coralina-682x1024.jpg 682w, https:\/\/proyate.art\/wp-content\/uploads\/2024\/04\/18-Biblioteca-Cora-Coralina-200x300.jpg 200w, https:\/\/proyate.art\/wp-content\/uploads\/2024\/04\/18-Biblioteca-Cora-Coralina-768x1152.jpg 768w, https:\/\/proyate.art\/wp-content\/uploads\/2024\/04\/18-Biblioteca-Cora-Coralina-1024x1536.jpg 1024w, https:\/\/proyate.art\/wp-content\/uploads\/2024\/04\/18-Biblioteca-Cora-Coralina-1365x2048.jpg 1365w, https:\/\/proyate.art\/wp-content\/uploads\/2024\/04\/18-Biblioteca-Cora-Coralina-8x12.jpg 8w, https:\/\/proyate.art\/wp-content\/uploads\/2024\/04\/18-Biblioteca-Cora-Coralina-scaled.jpg 1706w\" sizes=\"(max-width: 682px) 100vw, 682px\" \/><figcaption id=\"caption-attachment-1654\" class=\"wp-caption-text\">Nome do(a) autor(a): Geovana Antoniele C\u00e2ndido Cardoso &#8211; T\u00edtulo da Fotografia: Biblioteca Cora Coralina &#8211; Data em que foi realizada: 15\/03\/2024 &#8211; Descri\u00e7\u00e3o sobre a Fotografia: Interior da Biblioteca Cora Coralina. &#8211; Link para vota\u00e7\u00e3o: <a href=\"https:\/\/www.instagram.com\/p\/C5ZTwQ7OCES\/\">Vote aqui!<\/a><\/figcaption><\/figure>\n<p>&nbsp;<\/p>\n<p style=\"text-align: center;\">Antigo F\u00f3rum e Prefeitura: Pra\u00e7a Joaquim L\u00facio \u2013 Campinas (Goi\u00e2nia &#8211; GO)<\/p>\n<figure id=\"attachment_1655\" aria-describedby=\"caption-attachment-1655\" style=\"width: 800px\" class=\"wp-caption aligncenter\"><img loading=\"lazy\" decoding=\"async\" class=\"wp-image-1655 size-large\" title=\"Antigo Fo\u0301rum e Prefeitura - Pedro de Faria Parreira\" src=\"https:\/\/proyate.art\/wp-content\/uploads\/2024\/04\/19-Antigo-Forum-e-Prefeitura-1024x777.jpg\" alt=\"Antigo Fo\u0301rum e Prefeitura - Pedro de Faria Parreira\" width=\"800\" height=\"607\" srcset=\"https:\/\/proyate.art\/wp-content\/uploads\/2024\/04\/19-Antigo-Forum-e-Prefeitura-1024x777.jpg 1024w, https:\/\/proyate.art\/wp-content\/uploads\/2024\/04\/19-Antigo-Forum-e-Prefeitura-300x228.jpg 300w, https:\/\/proyate.art\/wp-content\/uploads\/2024\/04\/19-Antigo-Forum-e-Prefeitura-768x583.jpg 768w, https:\/\/proyate.art\/wp-content\/uploads\/2024\/04\/19-Antigo-Forum-e-Prefeitura-1536x1165.jpg 1536w, https:\/\/proyate.art\/wp-content\/uploads\/2024\/04\/19-Antigo-Forum-e-Prefeitura-2048x1554.jpg 2048w, https:\/\/proyate.art\/wp-content\/uploads\/2024\/04\/19-Antigo-Forum-e-Prefeitura-16x12.jpg 16w\" sizes=\"(max-width: 800px) 100vw, 800px\" \/><figcaption id=\"caption-attachment-1655\" class=\"wp-caption-text\">Nome do(a) autor(a): Pedro de Faria Parreira &#8211; T\u00edtulo da Fotografia: Antigo F\u00f3rum e Prefeitura &#8211; Data em que foi realizada: 17\/03\/2024 &#8211; Descri\u00e7\u00e3o sobre a Fotografia: Canon EOS R, 50 mm, f\/10, 1\/160. &#8211; Link para vota\u00e7\u00e3o: <a href=\"https:\/\/www.instagram.com\/p\/C5ZT1yTuyCO\/\">Vote aqui!<\/a><\/figcaption><\/figure>\n<p>&nbsp;<\/p>\n<p style=\"text-align: center;\">Coreto: Av. Goi\u00e1s com Pra\u00e7a C\u00edvica \u2013 Centro (Goi\u00e2nia &#8211; GO)<\/p>\n<figure id=\"attachment_1641\" aria-describedby=\"caption-attachment-1641\" style=\"width: 576px\" class=\"wp-caption aligncenter\"><img loading=\"lazy\" decoding=\"async\" class=\"wp-image-1641 size-large\" title=\"Coreto - Ana Paula Oliveira Faria\" src=\"https:\/\/proyate.art\/wp-content\/uploads\/2024\/04\/05-Coreto-576x1024.jpg\" alt=\"Coreto - Ana Paula Oliveira Faria\" width=\"576\" height=\"1024\" srcset=\"https:\/\/proyate.art\/wp-content\/uploads\/2024\/04\/05-Coreto-576x1024.jpg 576w, https:\/\/proyate.art\/wp-content\/uploads\/2024\/04\/05-Coreto-169x300.jpg 169w, https:\/\/proyate.art\/wp-content\/uploads\/2024\/04\/05-Coreto-768x1365.jpg 768w, https:\/\/proyate.art\/wp-content\/uploads\/2024\/04\/05-Coreto-864x1536.jpg 864w, https:\/\/proyate.art\/wp-content\/uploads\/2024\/04\/05-Coreto-1152x2048.jpg 1152w, https:\/\/proyate.art\/wp-content\/uploads\/2024\/04\/05-Coreto-7x12.jpg 7w, https:\/\/proyate.art\/wp-content\/uploads\/2024\/04\/05-Coreto-scaled.jpg 1440w\" sizes=\"(max-width: 576px) 100vw, 576px\" \/><figcaption id=\"caption-attachment-1641\" class=\"wp-caption-text\">Nome do(a) autor(a): Ana Paula Oliveira Faria &#8211; T\u00edtulo da Fotografia: Mem\u00f3ria &#8211; Data em que foi realizada: 02\/03\/2024 &#8211; Descri\u00e7\u00e3o: Colorida. Nikon Z5, lente Yongnuo 35mm f\/2, 2024. &#8211; Link para vota\u00e7\u00e3o: <a href=\"https:\/\/www.instagram.com\/p\/C5ZSL-2uJ2Y\/\">Vote aqui!<\/a><\/figcaption><\/figure>\n<p>&nbsp;<\/p>\n<p>&nbsp;<\/p>\n<p>Quer ficar por dentro das novidades?! Acompanhe nossas redes sociais e nossa agenda de eventos!<\/p>\n<p><a href=\"https:\/\/proyate.art\/es\/eventos\/\">\u2192 Pr\u00f3ximos Eventos \u2190<\/a><\/p>\n<p><a href=\"https:\/\/www.instagram.com\/pro.yate\/\">Instagram\u00a0<\/a><\/p>\n<p><a href=\"https:\/\/www.linkedin.com\/in\/proyat%C3%AA-gest%C3%A3o-cultural-851260250\/\">LinkedIn<\/a><\/p>\n<p><a href=\"https:\/\/www.youtube.com\/channel\/UCfXNM7Gg1edMax8PWDNU2Sg\">YouTube<\/a><\/p>\n<p><a href=\"https:\/\/www.tiktok.com\/@pro.yate\">TikTok<\/a><\/p>\n<p><a href=\"https:\/\/www.facebook.com\/pro.yate\/\">Facebook<\/a><\/p>","protected":false},"excerpt":{"rendered":"<p>GOI\u00c2NIA ART D\u00c9CO FESTIVAL &#8211; 7\u00aa Edi\u00e7\u00e3o A Proyat\u00ea, em parceria com a ONYGO Turismo, por meio do Edital de Fomento aos Festivais e Eventos do Fundo de Arte e Cultura do Estado de Goi\u00e1s 2023, realiza a 7\u00aa Edi\u00e7\u00e3o do Goi\u00e2nia Art D\u00e9co Festival, que no ano de 2024 tem como tem\u00e1tica o \u201cPatrim\u00f4nio [&hellip;]<\/p>","protected":false},"author":4003,"featured_media":1617,"comment_status":"closed","ping_status":"open","sticky":false,"template":"","format":"standard","meta":{"footnotes":""},"categories":[96],"tags":[84,85,86,95,116,83],"yoast_head":"<!-- This site is optimized with the Yoast SEO plugin v21.8 - https:\/\/yoast.com\/wordpress\/plugins\/seo\/ -->\n<title>Concurso &quot;Mem\u00f3rias em Foco&quot; - Vota\u00e7\u00e3o do P\u00fablico<\/title>\n<meta name=\"description\" content=\"Fotos vencedoras do Concurso Mem\u00f3rias em Foco. Vota\u00e7\u00e3o do terceiro lugar na p\u00e1gina do Instagram, em @pro.yate.\" \/>\n<meta name=\"robots\" content=\"index, follow, max-snippet:-1, max-image-preview:large, max-video-preview:-1\" \/>\n<link rel=\"canonical\" href=\"https:\/\/proyate.art\/es\/votacao-do-concurso-memorias-em-foco\/\" \/>\n<meta property=\"og:locale\" content=\"es_ES\" \/>\n<meta property=\"og:type\" content=\"article\" \/>\n<meta property=\"og:title\" content=\"Concurso &quot;Mem\u00f3rias em Foco&quot; - Vota\u00e7\u00e3o do P\u00fablico\" \/>\n<meta property=\"og:description\" content=\"Fotos vencedoras do Concurso Mem\u00f3rias em Foco. Vota\u00e7\u00e3o do terceiro lugar na p\u00e1gina do Instagram, em @pro.yate.\" \/>\n<meta property=\"og:url\" content=\"https:\/\/proyate.art\/es\/votacao-do-concurso-memorias-em-foco\/\" \/>\n<meta property=\"og:site_name\" content=\"PROYAT\u00ca\" \/>\n<meta property=\"article:published_time\" content=\"2024-04-09T17:59:34+00:00\" \/>\n<meta property=\"article:modified_time\" content=\"2024-04-09T20:59:16+00:00\" \/>\n<meta property=\"og:image\" content=\"https:\/\/proyate.art\/wp-content\/uploads\/2024\/03\/6-e1710438168330-1024x694.png\" \/>\n\t<meta property=\"og:image:width\" content=\"1024\" \/>\n\t<meta property=\"og:image:height\" content=\"694\" \/>\n\t<meta property=\"og:image:type\" content=\"image\/png\" \/>\n<meta name=\"author\" content=\"proyate\" \/>\n<meta name=\"twitter:card\" content=\"summary_large_image\" \/>\n<meta name=\"twitter:label1\" content=\"Escrito por\" \/>\n\t<meta name=\"twitter:data1\" content=\"proyate\" \/>\n\t<meta name=\"twitter:label2\" content=\"Tiempo de lectura\" \/>\n\t<meta name=\"twitter:data2\" content=\"13 minutos\" \/>\n<script type=\"application\/ld+json\" class=\"yoast-schema-graph\">{\"@context\":\"https:\/\/schema.org\",\"@graph\":[{\"@type\":\"Article\",\"@id\":\"https:\/\/proyate.art\/votacao-do-concurso-memorias-em-foco\/#article\",\"isPartOf\":{\"@id\":\"https:\/\/proyate.art\/votacao-do-concurso-memorias-em-foco\/\"},\"author\":{\"name\":\"proyate\",\"@id\":\"https:\/\/proyate.art\/#\/schema\/person\/122b49be2808d0b39ccec6c4ec24ea1a\"},\"headline\":\"Concurso &#8220;Mem\u00f3rias em Foco&#8221; &#8211; Vota\u00e7\u00e3o do P\u00fablico\",\"datePublished\":\"2024-04-09T17:59:34+00:00\",\"dateModified\":\"2024-04-09T20:59:16+00:00\",\"mainEntityOfPage\":{\"@id\":\"https:\/\/proyate.art\/votacao-do-concurso-memorias-em-foco\/\"},\"wordCount\":1866,\"publisher\":{\"@id\":\"https:\/\/proyate.art\/#organization\"},\"keywords\":[\"Goi\u00e2nia\",\"Goi\u00e2nia Art D\u00e9co\",\"Goi\u00e2nia Art D\u00e9co Festival\",\"Lucas Andrade\",\"Mem\u00f3rias em Foco\",\"Proyat\u00ea\"],\"articleSection\":[\"Festivais\"],\"inLanguage\":\"es\"},{\"@type\":\"WebPage\",\"@id\":\"https:\/\/proyate.art\/votacao-do-concurso-memorias-em-foco\/\",\"url\":\"https:\/\/proyate.art\/votacao-do-concurso-memorias-em-foco\/\",\"name\":\"Concurso \\\"Mem\u00f3rias em Foco\\\" - Vota\u00e7\u00e3o do P\u00fablico\",\"isPartOf\":{\"@id\":\"https:\/\/proyate.art\/#website\"},\"datePublished\":\"2024-04-09T17:59:34+00:00\",\"dateModified\":\"2024-04-09T20:59:16+00:00\",\"description\":\"Fotos vencedoras do Concurso Mem\u00f3rias em Foco. Vota\u00e7\u00e3o do terceiro lugar na p\u00e1gina do Instagram, em @pro.yate.\",\"inLanguage\":\"es\",\"potentialAction\":[{\"@type\":\"ReadAction\",\"target\":[\"https:\/\/proyate.art\/votacao-do-concurso-memorias-em-foco\/\"]}]},{\"@type\":\"WebSite\",\"@id\":\"https:\/\/proyate.art\/#website\",\"url\":\"https:\/\/proyate.art\/\",\"name\":\"PROYAT\u00ca\",\"description\":\"\",\"publisher\":{\"@id\":\"https:\/\/proyate.art\/#organization\"},\"potentialAction\":[{\"@type\":\"SearchAction\",\"target\":{\"@type\":\"EntryPoint\",\"urlTemplate\":\"https:\/\/proyate.art\/?s={search_term_string}\"},\"query-input\":\"required name=search_term_string\"}],\"inLanguage\":\"es\"},{\"@type\":\"Organization\",\"@id\":\"https:\/\/proyate.art\/#organization\",\"name\":\"PROYAT\u00ca\",\"url\":\"https:\/\/proyate.art\/\",\"logo\":{\"@type\":\"ImageObject\",\"inLanguage\":\"es\",\"@id\":\"https:\/\/proyate.art\/#\/schema\/logo\/image\/\",\"url\":\"https:\/\/proyate.art\/wp-content\/uploads\/2023\/10\/home-logo-footer.png\",\"contentUrl\":\"https:\/\/proyate.art\/wp-content\/uploads\/2023\/10\/home-logo-footer.png\",\"width\":334,\"height\":140,\"caption\":\"PROYAT\u00ca\"},\"image\":{\"@id\":\"https:\/\/proyate.art\/#\/schema\/logo\/image\/\"}},{\"@type\":\"Person\",\"@id\":\"https:\/\/proyate.art\/#\/schema\/person\/122b49be2808d0b39ccec6c4ec24ea1a\",\"name\":\"proyate\",\"url\":\"https:\/\/proyate.art\/es\/author\/proyate\/\"}]}<\/script>\n<!-- \/ Yoast SEO plugin. -->","yoast_head_json":{"title":"Concurso \"Mem\u00f3rias em Foco\" - Vota\u00e7\u00e3o do P\u00fablico","description":"Fotos vencedoras do Concurso Mem\u00f3rias em Foco. Vota\u00e7\u00e3o do terceiro lugar na p\u00e1gina do Instagram, em @pro.yate.","robots":{"index":"index","follow":"follow","max-snippet":"max-snippet:-1","max-image-preview":"max-image-preview:large","max-video-preview":"max-video-preview:-1"},"canonical":"https:\/\/proyate.art\/es\/votacao-do-concurso-memorias-em-foco\/","og_locale":"es_ES","og_type":"article","og_title":"Concurso \"Mem\u00f3rias em Foco\" - Vota\u00e7\u00e3o do P\u00fablico","og_description":"Fotos vencedoras do Concurso Mem\u00f3rias em Foco. Vota\u00e7\u00e3o do terceiro lugar na p\u00e1gina do Instagram, em @pro.yate.","og_url":"https:\/\/proyate.art\/es\/votacao-do-concurso-memorias-em-foco\/","og_site_name":"PROYAT\u00ca","article_published_time":"2024-04-09T17:59:34+00:00","article_modified_time":"2024-04-09T20:59:16+00:00","og_image":[{"width":1024,"height":694,"url":"https:\/\/proyate.art\/wp-content\/uploads\/2024\/03\/6-e1710438168330-1024x694.png","type":"image\/png"}],"author":"proyate","twitter_card":"summary_large_image","twitter_misc":{"Escrito por":"proyate","Tiempo de lectura":"13 minutos"},"schema":{"@context":"https:\/\/schema.org","@graph":[{"@type":"Article","@id":"https:\/\/proyate.art\/votacao-do-concurso-memorias-em-foco\/#article","isPartOf":{"@id":"https:\/\/proyate.art\/votacao-do-concurso-memorias-em-foco\/"},"author":{"name":"proyate","@id":"https:\/\/proyate.art\/#\/schema\/person\/122b49be2808d0b39ccec6c4ec24ea1a"},"headline":"Concurso &#8220;Mem\u00f3rias em Foco&#8221; &#8211; Vota\u00e7\u00e3o do P\u00fablico","datePublished":"2024-04-09T17:59:34+00:00","dateModified":"2024-04-09T20:59:16+00:00","mainEntityOfPage":{"@id":"https:\/\/proyate.art\/votacao-do-concurso-memorias-em-foco\/"},"wordCount":1866,"publisher":{"@id":"https:\/\/proyate.art\/#organization"},"keywords":["Goi\u00e2nia","Goi\u00e2nia Art D\u00e9co","Goi\u00e2nia Art D\u00e9co Festival","Lucas Andrade","Mem\u00f3rias em Foco","Proyat\u00ea"],"articleSection":["Festivais"],"inLanguage":"es"},{"@type":"WebPage","@id":"https:\/\/proyate.art\/votacao-do-concurso-memorias-em-foco\/","url":"https:\/\/proyate.art\/votacao-do-concurso-memorias-em-foco\/","name":"Concurso \"Mem\u00f3rias em Foco\" - Vota\u00e7\u00e3o do P\u00fablico","isPartOf":{"@id":"https:\/\/proyate.art\/#website"},"datePublished":"2024-04-09T17:59:34+00:00","dateModified":"2024-04-09T20:59:16+00:00","description":"Fotos vencedoras do Concurso Mem\u00f3rias em Foco. Vota\u00e7\u00e3o do terceiro lugar na p\u00e1gina do Instagram, em @pro.yate.","inLanguage":"es","potentialAction":[{"@type":"ReadAction","target":["https:\/\/proyate.art\/votacao-do-concurso-memorias-em-foco\/"]}]},{"@type":"WebSite","@id":"https:\/\/proyate.art\/#website","url":"https:\/\/proyate.art\/","name":"PROYAT\u00ca","description":"","publisher":{"@id":"https:\/\/proyate.art\/#organization"},"potentialAction":[{"@type":"SearchAction","target":{"@type":"EntryPoint","urlTemplate":"https:\/\/proyate.art\/?s={search_term_string}"},"query-input":"required name=search_term_string"}],"inLanguage":"es"},{"@type":"Organization","@id":"https:\/\/proyate.art\/#organization","name":"PROYAT\u00ca","url":"https:\/\/proyate.art\/","logo":{"@type":"ImageObject","inLanguage":"es","@id":"https:\/\/proyate.art\/#\/schema\/logo\/image\/","url":"https:\/\/proyate.art\/wp-content\/uploads\/2023\/10\/home-logo-footer.png","contentUrl":"https:\/\/proyate.art\/wp-content\/uploads\/2023\/10\/home-logo-footer.png","width":334,"height":140,"caption":"PROYAT\u00ca"},"image":{"@id":"https:\/\/proyate.art\/#\/schema\/logo\/image\/"}},{"@type":"Person","@id":"https:\/\/proyate.art\/#\/schema\/person\/122b49be2808d0b39ccec6c4ec24ea1a","name":"proyate","url":"https:\/\/proyate.art\/es\/author\/proyate\/"}]}},"_links":{"self":[{"href":"https:\/\/proyate.art\/es\/wp-json\/wp\/v2\/posts\/1629"}],"collection":[{"href":"https:\/\/proyate.art\/es\/wp-json\/wp\/v2\/posts"}],"about":[{"href":"https:\/\/proyate.art\/es\/wp-json\/wp\/v2\/types\/post"}],"author":[{"embeddable":true,"href":"https:\/\/proyate.art\/es\/wp-json\/wp\/v2\/users\/4003"}],"replies":[{"embeddable":true,"href":"https:\/\/proyate.art\/es\/wp-json\/wp\/v2\/comments?post=1629"}],"version-history":[{"count":17,"href":"https:\/\/proyate.art\/es\/wp-json\/wp\/v2\/posts\/1629\/revisions"}],"predecessor-version":[{"id":1674,"href":"https:\/\/proyate.art\/es\/wp-json\/wp\/v2\/posts\/1629\/revisions\/1674"}],"wp:featuredmedia":[{"embeddable":true,"href":"https:\/\/proyate.art\/es\/wp-json\/wp\/v2\/media\/1617"}],"wp:attachment":[{"href":"https:\/\/proyate.art\/es\/wp-json\/wp\/v2\/media?parent=1629"}],"wp:term":[{"taxonomy":"category","embeddable":true,"href":"https:\/\/proyate.art\/es\/wp-json\/wp\/v2\/categories?post=1629"},{"taxonomy":"post_tag","embeddable":true,"href":"https:\/\/proyate.art\/es\/wp-json\/wp\/v2\/tags?post=1629"}],"curies":[{"name":"wp","href":"https:\/\/api.w.org\/{rel}","templated":true}]}}